{"id":1513,"date":"2026-02-03T16:02:03","date_gmt":"2026-02-03T16:02:03","guid":{"rendered":"https:\/\/www.newsrecorder.ro\/app\/2026\/02\/03\/tineri-ataca-fete-cu-pistoale-cu-bile-intr-o-intersectie-din-sectorul-5\/"},"modified":"2026-02-03T16:02:03","modified_gmt":"2026-02-03T16:02:03","slug":"tineri-ataca-fete-cu-pistoale-cu-bile-intr-o-intersectie-din-sectorul-5","status":"publish","type":"post","link":"https:\/\/www.newsrecorder.ro\/app\/2026\/02\/03\/tineri-ataca-fete-cu-pistoale-cu-bile-intr-o-intersectie-din-sectorul-5\/","title":{"rendered":"Tineri atac\u0103 fete cu pistoale cu bile \u00eentr-o intersec\u021bie din Sectorul 5!"},"content":{"rendered":"<p>Poli\u021bia Capitalei a anun\u021bat mar\u021bi re\u021binerea a doi tineri, cu v\u00e2rste de 18 \u0219i, respectiv, 17 ani, \u00eentr-un caz penal care vizeaz\u0103 infrac\u021biuni de lovire sau alte violen\u021be, precum \u0219i tulburarea lini\u0219tii \u0219i ordinii publice.<\/p>\n<p>Incidentul a fost semnalat luni seara, c\u00e2nd autorit\u0103\u021bile au fost informate c\u0103 cei doi tineri au tras cu pistoale neletale \u00een direc\u021bia unor tinere. Imediat, poli\u021bi\u0219tii s-au deplasat la fa\u021ba locului pentru a investiga situa\u021bia.<\/p>\n<p>\u00cen urma verific\u0103rilor efectuate, s-a constatat c\u0103, \u00een timp ce se aflau la intersec\u021bia unor str\u0103zi din Sectorul 5, cei doi tineri au intrat \u00eentr-un conflict spontan. Ace\u0219tia au \u00eenceput s\u0103 adreseze injurii persoanelor afectate, perturb\u00e2nd astfel lini\u0219tea public\u0103.<\/p>\n<p>Ulterior, indivizii au tras cu pistoale neletale asupra a patru tinere, dup\u0103 care s-au f\u0103cut nev\u0103zu\u021bi. Din fericire, dou\u0103 dintre tinere, \u00een v\u00e2rst\u0103 de 16 \u0219i 17 ani, au fost atinse de bilele provenite de la armele utilizate, \u00eens\u0103 nu au necesitat \u00eengrijiri medicale \u0219i au refuzat transportul la spital.<\/p>\n<p>Cei doi tineri re\u021binu\u021bi au fost prin\u0219i rapid \u0219i du\u0219i la sediul unit\u0103\u021bii de poli\u021bie pentru audieri. De asemenea, poli\u021bi\u0219tii au confiscat cele dou\u0103 arme neletale, care vor fi analizate \u00een cadrul continu\u0103rii cercet\u0103rilor.<\/p>\n<p>Autorit\u0103\u021bile au anun\u021bat c\u0103 tinerii vor fi prezenta\u021bi magistra\u021bilor, \u00eempreun\u0103 cu o propunere legal\u0103, pentru a r\u0103spunde \u00een fa\u021ba legii pentru faptele lor.<\/p>\n","protected":false},"excerpt":{"rendered":"<p>Poli\u021bia Capitalei a anun\u021bat mar\u021bi re\u021binerea a doi tineri, cu v\u00e2rste de 18 \u0219i, respectiv, 17 ani, \u00eentr-un caz penal care vizeaz\u0103 infrac\u021biuni de lovire sau alte violen\u021be, precum \u0219i tulburarea lini\u0219tii \u0219i ordinii publice. Incidentul a fost semnalat luni seara, c\u00e2nd autorit\u0103\u021bile au fost informate c\u0103 cei doi tineri au tras cu pistoale neletale [&hellip;]<\/p>\n","protected":false},"author":2,"featured_media":1514,"comment_status":"open","ping_status":"open","sticky":false,"template":"","format":"standard","meta":{"jnews-multi-image_gallery":[],"jnews_single_post":[],"jnews_primary_category":[],"jnews_override_counter":[],"footnotes":""},"categories":[39],"tags":[684,2708,2706,1098,2709,2162,2707,2093],"class_list":["post-1513","post","type-post","status-publish","format-standard","has-post-thumbnail","hentry","category-stirile-zilei","tag-conflict","tag-pistoale-neletale","tag-politia","tag-retinere","tag-sectorul-5","tag-tineri","tag-tulburarea-linistii","tag-violenta"],"_links":{"self":[{"href":"https:\/\/www.newsrecorder.ro\/app\/wp-json\/wp\/v2\/posts\/1513","targetHints":{"allow":["GET"]}}],"collection":[{"href":"https:\/\/www.newsrecorder.ro\/app\/wp-json\/wp\/v2\/posts"}],"about":[{"href":"https:\/\/www.newsrecorder.ro\/app\/wp-json\/wp\/v2\/types\/post"}],"author":[{"embeddable":true,"href":"https:\/\/www.newsrecorder.ro\/app\/wp-json\/wp\/v2\/users\/2"}],"replies":[{"embeddable":true,"href":"https:\/\/www.newsrecorder.ro\/app\/wp-json\/wp\/v2\/comments?post=1513"}],"version-history":[{"count":0,"href":"https:\/\/www.newsrecorder.ro\/app\/wp-json\/wp\/v2\/posts\/1513\/revisions"}],"wp:featuredmedia":[{"embeddable":true,"href":"https:\/\/www.newsrecorder.ro\/app\/wp-json\/wp\/v2\/media\/1514"}],"wp:attachment":[{"href":"https:\/\/www.newsrecorder.ro\/app\/wp-json\/wp\/v2\/media?parent=1513"}],"wp:term":[{"taxonomy":"category","embeddable":true,"href":"https:\/\/www.newsrecorder.ro\/app\/wp-json\/wp\/v2\/categories?post=1513"},{"taxonomy":"post_tag","embeddable":true,"href":"https:\/\/www.newsrecorder.ro\/app\/wp-json\/wp\/v2\/tags?post=1513"}],"curies":[{"name":"wp","href":"https:\/\/api.w.org\/{rel}","templated":true}]}}