{"id":15133,"date":"2026-04-22T02:33:12","date_gmt":"2026-04-22T02:33:12","guid":{"rendered":"https:\/\/www.newsrecorder.ro\/app\/2026\/04\/22\/directorul-mnir-clarifica-coiful-de-la-cotofenesti-este-autentic\/"},"modified":"2026-04-22T02:33:12","modified_gmt":"2026-04-22T02:33:12","slug":"directorul-mnir-clarifica-coiful-de-la-cotofenesti-este-autentic","status":"publish","type":"post","link":"https:\/\/www.newsrecorder.ro\/app\/2026\/04\/22\/directorul-mnir-clarifica-coiful-de-la-cotofenesti-este-autentic\/","title":{"rendered":"Directorul MNIR clarific\u0103: Coiful de la Co\u021bofene\u0219ti este autentic!"},"content":{"rendered":"<p>\u00cen urma \u00eentreb\u0103rilor referitoare la informa\u021biile ap\u0103rute \u00een presa olandez\u0103 despre descoperirea coifului de la <a href=\"https:\/\/www.mediafax.ro\/social\/coiful-de-la-cotofenesti-si-doua-bratari-dacice-au-fost-aduse-in-tara-23723918\">Co\u021bofene\u0219ti<\/a>, directorul muzeului, Cornel Constantin Ilie, a declarat c\u0103 nu este \u00een m\u0103sur\u0103 s\u0103 confirme aceste detalii, deoarece acestea sunt parte a unei anchete \u00een curs desf\u0103\u0219urat\u0103 de autorit\u0103\u021bi.<\/p>\n<p>\u201eAcestea sunt zvonuri pe care nu le pot verifica. Poate c\u0103, la un moment dat, autorit\u0103\u021bile care se ocup\u0103 de caz vor oferi confirm\u0103ri. Dar, \u00een acest moment, nu este responsabilitatea mea\u201d, a afirmat Ilie.<\/p>\n<p>Pe de alt\u0103 parte, el a subliniat c\u0103 speciali\u0219tii muzeului au efectuat evalu\u0103ri riguroase asupra coifului de la Co\u021bofene\u0219ti \u0219i a celor dou\u0103 br\u0103\u021b\u0103ri dacice, confirm\u00e2nd astfel autenticitatea acestora. \u201eDin punctul nostru de vedere, al profesioni\u0219tilor, nu avem nicio \u00eendoial\u0103 c\u0103 aceste obiecte sunt originale\u201d, a explicat directorul Muzeului Na\u021bional de Istorie a Rom\u00e2niei (MNIR).<\/p>\n<p>Potrivit lui Ilie, artefactele au fost supuse unor analize detaliate, inclusiv examene microscopice, \u0219i au fost comparate cu datele disponibile \u00eenainte de furt. \u201eDup\u0103 ce am efectuat analize microscopice asupra acestui obiect \u0219i am verificat toate caracteristicile, inclusiv partea de restaurare, nu avem nicio \u00eendoial\u0103 \u00een ceea ce prive\u0219te autenticitatea\u201d, a ad\u0103ugat el.<\/p>\n<p>Un detaliu semnificativ care sus\u021bine autenticitatea coifului a fost men\u021bionat de Ilie: \u201eV\u0103 voi oferi un singur element care ar trebui s\u0103 v\u0103 conving\u0103. S-a discutat despre diverse obiecte ca fiind copii, ceea ce este absurd. Acea bucat\u0103 de obr\u0103zar care s-a desprins \u00een momentul \u00een care a fost scos din vitrin\u0103 \u0219i sc\u0103pat din m\u00e2n\u0103 a l\u0103sat o urm\u0103 de veche restaurare. Dac\u0103 privi\u021bi \u00een vitrin\u0103, ve\u021bi observa c\u0103 zona restaurat\u0103 se potrive\u0219te perfect cu restul coifului. Dac\u0103 cineva poate sus\u021bine c\u0103 s-a replicat un coif din aur, av\u00e2nd \u00een vedere c\u0103 au fost at\u00e2t de minu\u021bio\u0219i \u00eenc\u00e2t au restaurat \u0219i urmele vechi, atunci permite\u021bi-mi s\u0103 am \u00eendoieli c\u0103 un astfel de lucru ar fi fost posibil. A\u0219adar, pentru a fi foarte clar, din perspectiva noastr\u0103, dup\u0103 ce am analizat toate detaliile, putem confirma c\u0103 acestea sunt obiectele originale \u0219i nu avem nicio \u00eendoial\u0103 asupra autenticit\u0103\u021bii lor\u201d, a concluzionat Cornel Constantin Ilie.<\/p>\n","protected":false},"excerpt":{"rendered":"<p>\u00cen urma \u00eentreb\u0103rilor referitoare la informa\u021biile ap\u0103rute \u00een presa olandez\u0103 despre descoperirea coifului de la Co\u021bofene\u0219ti, directorul muzeului, Cornel Constantin Ilie, a declarat c\u0103 nu este \u00een m\u0103sur\u0103 s\u0103 confirme aceste detalii, deoarece acestea sunt parte a unei anchete \u00een curs desf\u0103\u0219urat\u0103 de autorit\u0103\u021bi. \u201eAcestea sunt zvonuri pe care nu le pot verifica. Poate c\u0103, [&hellip;]<\/p>\n","protected":false},"author":7,"featured_media":15134,"comment_status":"open","ping_status":"open","sticky":false,"template":"","format":"standard","meta":{"jnews-multi-image_gallery":[],"jnews_single_post":[],"jnews_primary_category":[],"jnews_override_counter":[],"footnotes":""},"categories":[43],"tags":[817,1276,2035,2136,14542,14544,14545,5805],"class_list":["post-15133","post","type-post","status-publish","format-standard","has-post-thumbnail","hentry","category-cultura","tag-ancheta","tag-artefacte","tag-autenticitate","tag-autoritati","tag-bratari-dacice","tag-coif","tag-cotofenesti","tag-muzeu"],"_links":{"self":[{"href":"https:\/\/www.newsrecorder.ro\/app\/wp-json\/wp\/v2\/posts\/15133","targetHints":{"allow":["GET"]}}],"collection":[{"href":"https:\/\/www.newsrecorder.ro\/app\/wp-json\/wp\/v2\/posts"}],"about":[{"href":"https:\/\/www.newsrecorder.ro\/app\/wp-json\/wp\/v2\/types\/post"}],"author":[{"embeddable":true,"href":"https:\/\/www.newsrecorder.ro\/app\/wp-json\/wp\/v2\/users\/7"}],"replies":[{"embeddable":true,"href":"https:\/\/www.newsrecorder.ro\/app\/wp-json\/wp\/v2\/comments?post=15133"}],"version-history":[{"count":0,"href":"https:\/\/www.newsrecorder.ro\/app\/wp-json\/wp\/v2\/posts\/15133\/revisions"}],"wp:featuredmedia":[{"embeddable":true,"href":"https:\/\/www.newsrecorder.ro\/app\/wp-json\/wp\/v2\/media\/15134"}],"wp:attachment":[{"href":"https:\/\/www.newsrecorder.ro\/app\/wp-json\/wp\/v2\/media?parent=15133"}],"wp:term":[{"taxonomy":"category","embeddable":true,"href":"https:\/\/www.newsrecorder.ro\/app\/wp-json\/wp\/v2\/categories?post=15133"},{"taxonomy":"post_tag","embeddable":true,"href":"https:\/\/www.newsrecorder.ro\/app\/wp-json\/wp\/v2\/tags?post=15133"}],"curies":[{"name":"wp","href":"https:\/\/api.w.org\/{rel}","templated":true}]}}