{"id":1515,"date":"2026-02-03T16:02:19","date_gmt":"2026-02-03T16:02:19","guid":{"rendered":"https:\/\/www.newsrecorder.ro\/app\/2026\/02\/03\/macron-pregateste-reluarea-dialogului-intre-liderii-europeni-si-putin\/"},"modified":"2026-02-03T16:02:19","modified_gmt":"2026-02-03T16:02:19","slug":"macron-pregateste-reluarea-dialogului-intre-liderii-europeni-si-putin","status":"publish","type":"post","link":"https:\/\/www.newsrecorder.ro\/app\/2026\/02\/03\/macron-pregateste-reluarea-dialogului-intre-liderii-europeni-si-putin\/","title":{"rendered":"Macron preg\u0103te\u0219te reluarea dialogului \u00eentre liderii europeni \u0219i Putin!"},"content":{"rendered":"<p>\u00cen cadrul unei recente vizite \u00een departamentul Haute-Sa\u00f4ne, pre\u0219edintele francez Emmanuel Macron a abordat subiectul relu\u0103rii dialogului cu pre\u0219edintele rus Vladimir Putin. R\u0103spunz\u00e2nd \u00eentreb\u0103rilor reporterilor, Macron a declarat c\u0103 este esen\u021bial ca europenii s\u0103 \u00ee\u0219i restabileasc\u0103 canalele de comunicare, ad\u0103ug\u00e2nd c\u0103 se desf\u0103\u0219oar\u0103 discu\u021bii tehnice pentru a preg\u0103ti aceast\u0103 ini\u021biativ\u0103.<\/p>\n<p><strong>\u201eEste important ca europenii s\u0103-\u0219i restabileasc\u0103 propriile canale de comunicare. Se lucreaz\u0103 la asta la nivel tehnic\u201d,<\/strong> a subliniat pre\u0219edintele Macron, eviden\u021biind necesitatea unei colabor\u0103ri eficiente \u00een acest sens.<\/p>\n<p>Macron a subliniat, de asemenea, c\u0103 orice discu\u021bii viitoare cu Putin ar trebui s\u0103 fie coordonate cu pre\u0219edintele ucrainean Volodimir Zelenski \u0219i cu \u201eprincipalele sale colegi europeni\u201d, subliniind importan\u021ba \u201eCoali\u021biei de Voin\u021b\u0103\u201d \u00een acest context.<\/p>\n<p>\u00cen acela\u0219i timp, pre\u0219edintele Fran\u021bei a adus \u00een aten\u021bie faptul c\u0103 Rusia, prin continuarea bombardamentelor asupra Ucrainei, nu transmite semne de disponibilitate pentru a negocia un acord de pace. \u201e\u00cen primul r\u00e2nd, ast\u0103zi, continu\u0103m s\u0103 sprijinim Ucraina, care se afl\u0103 sub bombardamente, \u00een frig, cu atacuri asupra civililor \u0219i asupra infrastructurii energetice a Ucrainei de c\u0103tre ru\u0219i, care sunt intolerabile \u0219i nu arat\u0103 o dorin\u021b\u0103 real\u0103 de a negocia pentru pace\u201d, a declarat Macron, subliniind gravitatea situa\u021biei din teren.<\/p>\n","protected":false},"excerpt":{"rendered":"<p>\u00cen cadrul unei recente vizite \u00een departamentul Haute-Sa\u00f4ne, pre\u0219edintele francez Emmanuel Macron a abordat subiectul relu\u0103rii dialogului cu pre\u0219edintele rus Vladimir Putin. R\u0103spunz\u00e2nd \u00eentreb\u0103rilor reporterilor, Macron a declarat c\u0103 este esen\u021bial ca europenii s\u0103 \u00ee\u0219i restabileasc\u0103 canalele de comunicare, ad\u0103ug\u00e2nd c\u0103 se desf\u0103\u0219oar\u0103 discu\u021bii tehnice pentru a preg\u0103ti aceast\u0103 ini\u021biativ\u0103. \u201eEste important ca europenii s\u0103-\u0219i [&hellip;]<\/p>\n","protected":false},"author":2,"featured_media":1516,"comment_status":"open","ping_status":"open","sticky":false,"template":"","format":"standard","meta":{"jnews-multi-image_gallery":[],"jnews_single_post":[],"jnews_primary_category":[],"jnews_override_counter":[],"footnotes":""},"categories":[39],"tags":[2711,1003,2059,699,2712,2710,1887,1030],"class_list":["post-1515","post","type-post","status-publish","format-standard","has-post-thumbnail","hentry","category-stirile-zilei","tag-coalitia-de-vointa","tag-comunicare","tag-dialog","tag-europa","tag-haute-saone","tag-macron","tag-putin","tag-zelenski"],"_links":{"self":[{"href":"https:\/\/www.newsrecorder.ro\/app\/wp-json\/wp\/v2\/posts\/1515","targetHints":{"allow":["GET"]}}],"collection":[{"href":"https:\/\/www.newsrecorder.ro\/app\/wp-json\/wp\/v2\/posts"}],"about":[{"href":"https:\/\/www.newsrecorder.ro\/app\/wp-json\/wp\/v2\/types\/post"}],"author":[{"embeddable":true,"href":"https:\/\/www.newsrecorder.ro\/app\/wp-json\/wp\/v2\/users\/2"}],"replies":[{"embeddable":true,"href":"https:\/\/www.newsrecorder.ro\/app\/wp-json\/wp\/v2\/comments?post=1515"}],"version-history":[{"count":0,"href":"https:\/\/www.newsrecorder.ro\/app\/wp-json\/wp\/v2\/posts\/1515\/revisions"}],"wp:featuredmedia":[{"embeddable":true,"href":"https:\/\/www.newsrecorder.ro\/app\/wp-json\/wp\/v2\/media\/1516"}],"wp:attachment":[{"href":"https:\/\/www.newsrecorder.ro\/app\/wp-json\/wp\/v2\/media?parent=1515"}],"wp:term":[{"taxonomy":"category","embeddable":true,"href":"https:\/\/www.newsrecorder.ro\/app\/wp-json\/wp\/v2\/categories?post=1515"},{"taxonomy":"post_tag","embeddable":true,"href":"https:\/\/www.newsrecorder.ro\/app\/wp-json\/wp\/v2\/tags?post=1515"}],"curies":[{"name":"wp","href":"https:\/\/api.w.org\/{rel}","templated":true}]}}