{"id":15153,"date":"2026-04-22T05:40:31","date_gmt":"2026-04-22T05:40:31","guid":{"rendered":"https:\/\/www.newsrecorder.ro\/app\/2026\/04\/22\/rumen-radev-promite-stabilitate-bulgaria-ramane-in-ue-nato-si-euro\/"},"modified":"2026-04-22T05:40:31","modified_gmt":"2026-04-22T05:40:31","slug":"rumen-radev-promite-stabilitate-bulgaria-ramane-in-ue-nato-si-euro","status":"publish","type":"post","link":"https:\/\/www.newsrecorder.ro\/app\/2026\/04\/22\/rumen-radev-promite-stabilitate-bulgaria-ramane-in-ue-nato-si-euro\/","title":{"rendered":"Rumen Radev promite stabilitate: Bulgaria r\u0103m\u00e2ne \u00een UE, NATO \u0219i euro!"},"content":{"rendered":"<p style=\"text-align: left\">Ivan Demerdzhiev, fost ministru de Interne \u0219i recent ales deputat, a declarat c\u0103 partidul s\u0103u nu inten\u021bioneaz\u0103 s\u0103 propun\u0103 ie\u0219irea Bulgariei din Uniunea European\u0103, zona euro sau NATO. \u00cen schimb, el subliniaz\u0103 necesitatea ajust\u0103rii politicilor astfel \u00eenc\u00e2t acestea s\u0103 reflecte mai bine interesele na\u021bionale ale \u021b\u0103rii.<\/p>\n<p style=\"text-align: left\">\u201eAceast\u0103 \u00eencredere reprezint\u0103 o responsabilitate imens\u0103. Suntem preg\u0103ti\u021bi s\u0103 ne asum\u0103m aceast\u0103 responsabilitate \u0219i con\u0219tientiz\u0103m c\u0103 nu trebuie s\u0103 permitem ca a\u0219tept\u0103rile \u0219i speran\u021bele cet\u0103\u021benilor bulgari s\u0103 fie \u00een\u0219elate\u201d, a afirmat Demerdzhiev, conform <a href=\"https:\/\/www.novinite.com\/articles\/238127\/Radev%27s+Party%3A+%22We+Have+No+Intention+of+Leaving+the+EU%2C+Eurozone+or+NATO%22\" target=\"_blank\" rel=\"noopener\">Novinite<\/a>.<\/p>\n<p style=\"text-align: left\">El a ad\u0103ugat c\u0103 rezultatul alegerilor reprezint\u0103 \u201eun mandat pentru responsabilitate\u201d, care nu ar trebui s\u0103 fie interpretat ca un c\u00e2\u0219tig personal sau politic.<\/p>\n<p style=\"text-align: left\">Demerdzhiev a subliniat c\u0103 forma\u021biunea \u201eBulgaria Progresist\u0103\u201d nu este doar o adunare de interese individuale, ci un proiect comun dedicat unei cauze comune. \u201eSuntem o comunitate de oameni care \u00eemp\u0103rt\u0103\u0219esc acelea\u0219i valori. Nu suntem individuali\u0219ti cu viziuni diferite\u201d, a declarat el.<\/p>\n<p style=\"text-align: left\">\u00cen ceea ce prive\u0219te agenda intern\u0103, partidul se angajeaz\u0103 s\u0103 implementeze reforme institu\u021bionale, inclusiv modific\u0103ri la v\u00e2rful Parchetului. \u201eAtribu\u021biile procurorului general au expirat de mult prin lege. Vom lua toate m\u0103surile necesare pentru a-l \u00eenl\u0103tura\u201d, a spus Demerdzhiev, referindu-se la Borislav Sarafov.<\/p>\n<p style=\"text-align: left\">Demerdzhiev a cerut, de asemenea, formarea rapid\u0103 a unui guvern stabil, subliniind c\u0103 Bulgaria are nevoie de o conducere cu puteri depline imediat dup\u0103 alegeri. El a evaluat pozitiv eforturile Ministerului de Interne \u00een lupta \u00eempotriva cump\u0103r\u0103rii de voturi, apreciind c\u0103 interven\u021biile au avut un impact semnificativ \u00een limitarea abuzurilor.<\/p>\n<p style=\"text-align: left\">C\u00e2nd a fost \u00eentrebat dac\u0103 ar accepta o func\u021bie de conducere \u00een minister, Demerdzhiev a evitat s\u0103 ofere un r\u0103spuns direct, afirm\u00e2nd: \u201eNu m\u0103 ghidez dup\u0103 dorin\u021bele mele, ci dup\u0103 pozi\u021bia \u00een care a\u0219 putea fi cel mai util. Aceasta nu poate fi o decizie unilateral\u0103\u201d.<\/p>\n<p style=\"text-align: left\">De asemenea, fostul ministru de Interne a comentat activitatea secretarului general interimar al ministerului, Georgi Kandev, pe care l-a l\u0103udat pentru modul \u00een care a gestionat perioada electoral\u0103. Totu\u0219i, el a subliniat c\u0103 decizia de a-l men\u021bine \u00een func\u021bie nu apar\u021bine exclusiv ministrului de Interne, deoarece procedura de numire este distinct\u0103.<\/p>\n","protected":false},"excerpt":{"rendered":"<p>Ivan Demerdzhiev, fost ministru de Interne \u0219i recent ales deputat, a declarat c\u0103 partidul s\u0103u nu inten\u021bioneaz\u0103 s\u0103 propun\u0103 ie\u0219irea Bulgariei din Uniunea European\u0103, zona euro sau NATO. \u00cen schimb, el subliniaz\u0103 necesitatea ajust\u0103rii politicilor astfel \u00eenc\u00e2t acestea s\u0103 reflecte mai bine interesele na\u021bionale ale \u021b\u0103rii. \u201eAceast\u0103 \u00eencredere reprezint\u0103 o responsabilitate imens\u0103. Suntem preg\u0103ti\u021bi s\u0103 [&hellip;]<\/p>\n","protected":false},"author":2,"featured_media":15154,"comment_status":"open","ping_status":"open","sticky":false,"template":"","format":"standard","meta":{"jnews-multi-image_gallery":[],"jnews_single_post":[],"jnews_primary_category":[],"jnews_override_counter":[],"footnotes":""},"categories":[39],"tags":[1042,9057,17618,352,17619,319,321,3965],"class_list":["post-15153","post","type-post","status-publish","format-standard","has-post-thumbnail","hentry","category-stirile-zilei","tag-alegeri","tag-bulgaria-progresista","tag-ivan-demerdzhiev","tag-nato","tag-politici-nationale","tag-responsabilitate","tag-uniunea-europeana","tag-zona-euro"],"_links":{"self":[{"href":"https:\/\/www.newsrecorder.ro\/app\/wp-json\/wp\/v2\/posts\/15153","targetHints":{"allow":["GET"]}}],"collection":[{"href":"https:\/\/www.newsrecorder.ro\/app\/wp-json\/wp\/v2\/posts"}],"about":[{"href":"https:\/\/www.newsrecorder.ro\/app\/wp-json\/wp\/v2\/types\/post"}],"author":[{"embeddable":true,"href":"https:\/\/www.newsrecorder.ro\/app\/wp-json\/wp\/v2\/users\/2"}],"replies":[{"embeddable":true,"href":"https:\/\/www.newsrecorder.ro\/app\/wp-json\/wp\/v2\/comments?post=15153"}],"version-history":[{"count":0,"href":"https:\/\/www.newsrecorder.ro\/app\/wp-json\/wp\/v2\/posts\/15153\/revisions"}],"wp:featuredmedia":[{"embeddable":true,"href":"https:\/\/www.newsrecorder.ro\/app\/wp-json\/wp\/v2\/media\/15154"}],"wp:attachment":[{"href":"https:\/\/www.newsrecorder.ro\/app\/wp-json\/wp\/v2\/media?parent=15153"}],"wp:term":[{"taxonomy":"category","embeddable":true,"href":"https:\/\/www.newsrecorder.ro\/app\/wp-json\/wp\/v2\/categories?post=15153"},{"taxonomy":"post_tag","embeddable":true,"href":"https:\/\/www.newsrecorder.ro\/app\/wp-json\/wp\/v2\/tags?post=15153"}],"curies":[{"name":"wp","href":"https:\/\/api.w.org\/{rel}","templated":true}]}}