{"id":15155,"date":"2026-04-22T05:40:44","date_gmt":"2026-04-22T05:40:44","guid":{"rendered":"https:\/\/www.newsrecorder.ro\/app\/2026\/04\/22\/victor-wembanyama-accident-grav-in-play-off-comotie-cerebrala\/"},"modified":"2026-04-22T05:40:44","modified_gmt":"2026-04-22T05:40:44","slug":"victor-wembanyama-accident-grav-in-play-off-comotie-cerebrala","status":"publish","type":"post","link":"https:\/\/www.newsrecorder.ro\/app\/2026\/04\/22\/victor-wembanyama-accident-grav-in-play-off-comotie-cerebrala\/","title":{"rendered":"Victor Wembanyama, accident grav \u00een play-off: Como\u021bie cerebral\u0103!"},"content":{"rendered":"<p>Incidentul a avut loc \u00een debutul sfertului al doilea, c\u00e2nd Victor Wembanyama a suferit o c\u0103dere brutal\u0103, ateriz\u00e2nd cu fa\u021ba pe parchet \u00een urma unei ac\u021biuni ofensive, fiind ap\u0103rat de Jrue Holiday. Juc\u0103torul a r\u0103mas inert pentru c\u00e2teva secunde, iar dup\u0103 ce s-a ridicat cu dificultate, a fost escortat la vestiare, neav\u00e2nd posibilitatea de a reveni pe teren.<\/p>\n<p>\u00cen urma acestui incident, clubul texan a f\u0103cut public faptul c\u0103 Wembanyama a fost inclus \u00een protocolul NBA pentru como\u021bii cerebrale.<\/p>\n<p>\u201eAre o como\u021bie \u0219i se afl\u0103 \u00een protocol\u201d, a declarat antrenorul Mitch Johnson, dup\u0103 ce echipa sa a suferit o \u00eenfr\u00e2ngere str\u00e2ns\u0103, cu 103-106, rezultat ce a adus seria la o egalitate de 1-1.<\/p>\n<p>P\u00e2n\u0103 la momentul accident\u0103rii, baschetbalistul a jucat 12 minute, reu\u0219ind s\u0103 acumuleze 5 puncte \u0219i 4 recuper\u0103ri. El a fost \u00eenlocuit pe teren de pivotul Luke Kornet.<\/p>\n<p>Conform regulilor NBA, un juc\u0103tor care intr\u0103 \u00een protocolul de como\u021bie nu poate reveni \u00een competi\u021bie mai devreme de 48 de ore. Dup\u0103 acest interval, este necesar ca acesta s\u0103 parcurg\u0103 mai multe etape medicale \u00eenainte de a ob\u021bine aprobarea medicilor pentru a putea reveni la joc.<\/p>\n<p>Meciul trei al seriei este programat pentru noaptea de vineri spre s\u00e2mb\u0103t\u0103, la Portland.<\/p>\n<p>Cu doar o zi \u00eenainte de incident, Victor Wembanyama a fost onorat ca fiind primul juc\u0103tor din istoria NBA care a c\u00e2\u0219tigat \u00een unanimitate premiul pentru cel mai bun juc\u0103tor defensiv al anului, o realizare remarcabil\u0103 \u00een cariera sa.<\/p>\n","protected":false},"excerpt":{"rendered":"<p>Incidentul a avut loc \u00een debutul sfertului al doilea, c\u00e2nd Victor Wembanyama a suferit o c\u0103dere brutal\u0103, ateriz\u00e2nd cu fa\u021ba pe parchet \u00een urma unei ac\u021biuni ofensive, fiind ap\u0103rat de Jrue Holiday. Juc\u0103torul a r\u0103mas inert pentru c\u00e2teva secunde, iar dup\u0103 ce s-a ridicat cu dificultate, a fost escortat la vestiare, neav\u00e2nd posibilitatea de a [&hellip;]<\/p>\n","protected":false},"author":2,"featured_media":15156,"comment_status":"open","ping_status":"open","sticky":false,"template":"","format":"standard","meta":{"jnews-multi-image_gallery":[],"jnews_single_post":[],"jnews_primary_category":[],"jnews_override_counter":[],"footnotes":""},"categories":[39],"tags":[75,722,11859,82,17620,2756,3852,14070],"class_list":["post-15155","post","type-post","status-publish","format-standard","has-post-thumbnail","hentry","category-stirile-zilei","tag-accidentare","tag-baschet","tag-comotie-cerebrala","tag-echipa","tag-jrue-holiday","tag-nba","tag-protocol","tag-victor-wembanyama"],"_links":{"self":[{"href":"https:\/\/www.newsrecorder.ro\/app\/wp-json\/wp\/v2\/posts\/15155","targetHints":{"allow":["GET"]}}],"collection":[{"href":"https:\/\/www.newsrecorder.ro\/app\/wp-json\/wp\/v2\/posts"}],"about":[{"href":"https:\/\/www.newsrecorder.ro\/app\/wp-json\/wp\/v2\/types\/post"}],"author":[{"embeddable":true,"href":"https:\/\/www.newsrecorder.ro\/app\/wp-json\/wp\/v2\/users\/2"}],"replies":[{"embeddable":true,"href":"https:\/\/www.newsrecorder.ro\/app\/wp-json\/wp\/v2\/comments?post=15155"}],"version-history":[{"count":0,"href":"https:\/\/www.newsrecorder.ro\/app\/wp-json\/wp\/v2\/posts\/15155\/revisions"}],"wp:featuredmedia":[{"embeddable":true,"href":"https:\/\/www.newsrecorder.ro\/app\/wp-json\/wp\/v2\/media\/15156"}],"wp:attachment":[{"href":"https:\/\/www.newsrecorder.ro\/app\/wp-json\/wp\/v2\/media?parent=15155"}],"wp:term":[{"taxonomy":"category","embeddable":true,"href":"https:\/\/www.newsrecorder.ro\/app\/wp-json\/wp\/v2\/categories?post=15155"},{"taxonomy":"post_tag","embeddable":true,"href":"https:\/\/www.newsrecorder.ro\/app\/wp-json\/wp\/v2\/tags?post=15155"}],"curies":[{"name":"wp","href":"https:\/\/api.w.org\/{rel}","templated":true}]}}