{"id":1517,"date":"2026-02-03T17:28:00","date_gmt":"2026-02-03T17:28:00","guid":{"rendered":"https:\/\/www.newsrecorder.ro\/app\/2026\/02\/03\/marine-le-pen-pe-cale-sa-fie-exclusa-din-alegeri-proces-in-apel\/"},"modified":"2026-02-03T17:28:00","modified_gmt":"2026-02-03T17:28:00","slug":"marine-le-pen-pe-cale-sa-fie-exclusa-din-alegeri-proces-in-apel","status":"publish","type":"post","link":"https:\/\/www.newsrecorder.ro\/app\/2026\/02\/03\/marine-le-pen-pe-cale-sa-fie-exclusa-din-alegeri-proces-in-apel\/","title":{"rendered":"Marine Le Pen, pe cale s\u0103 fie exclus\u0103 din alegeri? Proces \u00een apel!"},"content":{"rendered":"<p class=\"p2\"><strong><a href=\"https:\/\/www.lefigaro.fr\/actualite-france\/proces-en-appel-du-rn-le-parquet-general-annonce-qu-il-va-demander-des-peines-d-ineligibilite-et-la-confirmation-des-culpabilites-20260203\">Parchetul din Fran\u021ba a f\u0103cut un anun\u021b oficial<\/a><\/strong>, solicit\u00e2nd judec\u0103torilor de la Curtea de Apel din Paris \u201esanc\u021biuni de ineligibilitate\u201d \u00een cadrul apelului care implic\u0103 <a href=\"http:\/\/www.lefigaro.fr\/actualite-france\/au-proces-en-appel-des-assistants-parlementaires-du-fn-marine-le-pen-plaide-la-bonne-foi-20260121\">asisten\u021bii parlamentari ai Frontului Na\u021bional<\/a>. Aceast\u0103 situa\u021bie reprezint\u0103 o provocare serioas\u0103 pentru Marine Le Pen, care \u00ee\u0219i construie\u0219te strategia pentru campania preziden\u021bial\u0103 din 2027.<\/p>\n<p class=\"p2\">\u00cen fa\u021ba instan\u021bei, procurorii au criticat \u201estrategia de delegitimizare\u201d a sistemului judiciar, pe care Marine Le Pen a adoptat-o \u00een contextul acestei proceduri legale.<\/p>\n<p class=\"p2\">\u201eNu exist\u0103 rost \u00een men\u021binerea unui suspans inutil; vom solicita sus\u021binerea r\u0103spunderii penale stabilite \u00een prim\u0103 instan\u021b\u0103, iar desigur, vor fi cerute pedepse de ineligibilitate\u201d, a declarat avocatul general Thierry Ramonatxo \u00een deschiderea procesului.<\/p>\n<p class=\"p2\">Procurorul a \u00eenceput prin a denun\u021ba acuza\u021biile de \u201epolitizare\u201d a acestui caz delicat, care \u00een prezent o \u00eempiedic\u0103 pe Marine Le Pen s\u0103 se prezinte la <a href=\"http:\/\/www.lefigaro.fr\/politique\/presidentielle-2027-au-rn-marine-le-pen-et-jordan-bardella-lancent-l-operation-succession-20251114\">alegerile preziden\u021biale din 2027<\/a>.<\/p>\n<p class=\"p2\">Avocatul general a subliniat c\u0103 a analizat \u201eatmosfera toxic\u0103\u201d din jurul acestui caz, care a fost deschis \u00een urma sesiz\u0103rii Parlamentului European din 2014. Aceast\u0103 procedur\u0103 a fost marcat\u0103 de o \u201eap\u0103rare colectiv\u0103\u201d intens\u0103, cu nu mai pu\u021bin de 45 de apeluri depuse de partea acuzat\u0103.<\/p>\n<p class=\"p2\">Conflictul a escaladat la un nivel alarmant, incluz\u00e2nd amenin\u021b\u0103ri adresate judec\u0103torilor instan\u021bei inferioare, care, pe 31 martie, au pronun\u021bat o condamnare \u00eempotriva Marinei Le Pen la patru ani de \u00eenchisoare, dintre care doi cu suspendare, o amend\u0103 de 100.000 de euro \u0219i, cel mai grav, o interdic\u021bie de a ocupa o func\u021bie public\u0103 pe o perioad\u0103 de cinci ani, cu aplicabilitate imediat\u0103.<\/p>\n<p class=\"p2\">\u201eStrategia de delegitimare a sistemului de control \u0219i echilibru, \u00een special a sistemului judiciar, a fost utilizat\u0103 cu scopul declarat de a \u00eempiedica un lider de partid s\u0103 ob\u021bin\u0103 cea mai \u00eenalt\u0103 func\u021bie din puterea executiv\u0103\u201d, a afirmat Thierry Ramonatxo.<\/p>\n<p class=\"p2\">Totu\u0219i, avocatul general a clarificat c\u0103 \u201ea sugera c\u0103 sistemul judiciar ar putea contrar voin\u021bei poporului suveran este inexact; judec\u0103torul ac\u021bioneaz\u0103 ca un gardian al legii \u0219i aplic\u0103 aceast\u0103 lege\u201d. De asemenea, a men\u021bionat c\u0103 procedurile de apel s-au desf\u0103\u0219urat \u201e\u00eentr-o atmosfer\u0103 mai calm\u0103\u201d.<\/p>\n<p class=\"p2\">Marine Le Pen, \u00eempreun\u0103 cu al\u021bi zece oficiali ai partidului, este acuzat\u0103 c\u0103 a folosit fonduri ale Parlamentului European pentru a pl\u0103ti angaja\u021bii forma\u021biunii \u00eentre 2004 \u0219i 2016, o perioad\u0103 \u00een care partidul se confrunta cu dificult\u0103\u021bi financiare din cauza rezultatelor slabe \u00een alegeri. Dintre cei 25 de condamna\u021bi \u00een prim\u0103 instan\u021b\u0103 anul trecut, jum\u0103tate au f\u0103cut apel.<\/p>\n<p class=\"p2\">Pentru Marine Le Pen, o interdic\u021bie mai mic\u0103 de doi ani \u0219i absen\u021ba unei pedepse care s\u0103 impun\u0103 purtarea unei br\u0103\u021b\u0103ri electronice \u2013 incompatibil\u0103 cu activitatea electoral\u0103 \u2013 ar putea deschide din nou u\u0219ile unei cariere politice.<\/p>\n<p class=\"p2\"><strong><a href=\"https:\/\/www.bfmtv.com\/police-justice\/proces-en-appel-du-rn-les-requisitions-du-ministere-public-attendues-apres-les-plaidoiries-des-avocats-du-parlement-europeen_LN-202602030261.html\">Jurnali\u0219tii din Fran\u021ba<\/a><\/strong> estimeaz\u0103 c\u0103, av\u00e2nd \u00een vedere implica\u021biile politice considerabile ale acestui caz, instan\u021ba de apel va emite o decizie \u201ep\u00e2n\u0103 \u00een var\u0103\u201d.<\/p>\n","protected":false},"excerpt":{"rendered":"<p>Parchetul din Fran\u021ba a f\u0103cut un anun\u021b oficial, solicit\u00e2nd judec\u0103torilor de la Curtea de Apel din Paris \u201esanc\u021biuni de ineligibilitate\u201d \u00een cadrul apelului care implic\u0103 asisten\u021bii parlamentari ai Frontului Na\u021bional. Aceast\u0103 situa\u021bie reprezint\u0103 o provocare serioas\u0103 pentru Marine Le Pen, care \u00ee\u0219i construie\u0219te strategia pentru campania preziden\u021bial\u0103 din 2027. \u00cen fa\u021ba instan\u021bei, procurorii au criticat [&hellip;]<\/p>\n","protected":false},"author":2,"featured_media":1518,"comment_status":"open","ping_status":"open","sticky":false,"template":"","format":"standard","meta":{"jnews-multi-image_gallery":[],"jnews_single_post":[],"jnews_primary_category":[],"jnews_override_counter":[],"footnotes":""},"categories":[41],"tags":[2715,2716,473,2714,2717,2713,2054,86],"class_list":["post-1517","post","type-post","status-publish","format-standard","has-post-thumbnail","hentry","category-externe","tag-apel","tag-campania-prezidentiala","tag-franta","tag-ineligibilitate","tag-judecatori","tag-marine-le-pen","tag-parchet","tag-sanctiuni"],"_links":{"self":[{"href":"https:\/\/www.newsrecorder.ro\/app\/wp-json\/wp\/v2\/posts\/1517","targetHints":{"allow":["GET"]}}],"collection":[{"href":"https:\/\/www.newsrecorder.ro\/app\/wp-json\/wp\/v2\/posts"}],"about":[{"href":"https:\/\/www.newsrecorder.ro\/app\/wp-json\/wp\/v2\/types\/post"}],"author":[{"embeddable":true,"href":"https:\/\/www.newsrecorder.ro\/app\/wp-json\/wp\/v2\/users\/2"}],"replies":[{"embeddable":true,"href":"https:\/\/www.newsrecorder.ro\/app\/wp-json\/wp\/v2\/comments?post=1517"}],"version-history":[{"count":0,"href":"https:\/\/www.newsrecorder.ro\/app\/wp-json\/wp\/v2\/posts\/1517\/revisions"}],"wp:featuredmedia":[{"embeddable":true,"href":"https:\/\/www.newsrecorder.ro\/app\/wp-json\/wp\/v2\/media\/1518"}],"wp:attachment":[{"href":"https:\/\/www.newsrecorder.ro\/app\/wp-json\/wp\/v2\/media?parent=1517"}],"wp:term":[{"taxonomy":"category","embeddable":true,"href":"https:\/\/www.newsrecorder.ro\/app\/wp-json\/wp\/v2\/categories?post=1517"},{"taxonomy":"post_tag","embeddable":true,"href":"https:\/\/www.newsrecorder.ro\/app\/wp-json\/wp\/v2\/tags?post=1517"}],"curies":[{"name":"wp","href":"https:\/\/api.w.org\/{rel}","templated":true}]}}