{"id":15179,"date":"2026-04-22T11:37:36","date_gmt":"2026-04-22T11:37:36","guid":{"rendered":"https:\/\/www.newsrecorder.ro\/app\/2026\/04\/22\/ucraina-refuza-aderarea-partiala-la-ue-spune-ministrul-de-externe\/"},"modified":"2026-04-22T11:37:36","modified_gmt":"2026-04-22T11:37:36","slug":"ucraina-refuza-aderarea-partiala-la-ue-spune-ministrul-de-externe","status":"publish","type":"post","link":"https:\/\/www.newsrecorder.ro\/app\/2026\/04\/22\/ucraina-refuza-aderarea-partiala-la-ue-spune-ministrul-de-externe\/","title":{"rendered":"Ucraina refuz\u0103 aderarea \u201epar\u021bial\u0103\u201d la UE, spune ministrul de externe"},"content":{"rendered":"<p>Ucraina \u00ee\u0219i reafirm\u0103 angajamentul de a nu accepta nicio form\u0103 de aderare \u201epar\u021bial\u0103\u201d sau interimar\u0103 la Uniunea European\u0103. Aceasta este declara\u021bia ministrului de externe, Andriy Sybiha, f\u0103cut\u0103 miercuri, conform informa\u021biilor furnizate de <a href=\"https:\/\/www.kyivpost.com\/post\/74480\">Kyiv Post<\/a>.<\/p>\n<p>\u00cen cadrul unei \u00eent\u00e2lniri cu jurnali\u0219tii, Sybiha a subliniat pozi\u021bia clar\u0103 a pre\u0219edintelui Volodimir Zelenski, care afirm\u0103 c\u0103 Ucraina urm\u0103re\u0219te o aderare complet\u0103 la UE, evit\u00e2nd astfel alternativele care nu corespund a\u0219tept\u0103rilor sale.<\/p>\n<p>\u201eAvem o pozi\u021bie ferm\u0103. Nu vom accepta nicio \u00abaderare ersatz\u00bb\u201d, a declarat ministrul, conform RBC-Ucraina.<\/p>\n<p>Aceste comentarii vin pe fondul discu\u021biilor \u00een curs dintre statele membre ale Uniunii Europene, care analizeaz\u0103 posibile modele de integrare etapizat\u0103 sau \u201easociat\u0103\u201d pentru Ucraina.<\/p>\n<p>Sybiha a men\u021bionat c\u0103 partenerii Ucrainei \u00een\u021beleg clar pozi\u021bia Kievului. \u201eDac\u0103 suntem preg\u0103ti\u021bi sau nu este o \u00eentrebare retoric\u0103. Exist\u0103 criterii precise \u0219i le \u00eendeplinim rapid\u201d, a afirmat el.<\/p>\n<p>De asemenea, Sybiha a recunoscut c\u0103 drumul Ucrainei c\u0103tre integrarea \u00een UE este plin de provoc\u0103ri, necesit\u00e2nd reforme legislative \u0219i structurale suplimentare.<\/p>\n<p>\u00cen acest context, el a subliniat c\u0103 Ucraina ar putea lua m\u0103suri pentru a proteja anumite sectoare ale economiei sale pe parcursul procesului de aderare, inclusiv prin implementarea de m\u0103suri temporare, continu\u00e2nd s\u0103 adopte \u00een paralel standardele europene.<\/p>\n<p>Luni, publica\u021bia Financial Times a informat c\u0103 Fran\u021ba \u0219i Germania propun o form\u0103 \u201esimbolic\u0103\u201d de integrare pentru Ucraina \u00een Uniunea European\u0103, care ar oferi beneficii limitate \u00eenainte de o aderare complet\u0103.<\/p>\n<p>Conform acestui plan, Ucraina ar putea participa la \u00eent\u00e2lnirile UE, \u00eens\u0103 f\u0103r\u0103 drept de vot \u0219i f\u0103r\u0103 acces imediat la p\u0103r\u021bi esen\u021biale ale bugetului Uniunii, cum ar fi subven\u021biile agricole \u0219i finan\u021barea regional\u0103.<\/p>\n<p>\u00cen ciuda acestor propuneri, mai multe state membre ale UE au exprimat rezerve cu privire la accelerarea procesului de aderare a Ucrainei, avertiz\u00e2nd c\u0103 acest lucru ar putea destabiliza structura bugetar\u0103 a blocului. <\/p>\n","protected":false},"excerpt":{"rendered":"<p>Ucraina \u00ee\u0219i reafirm\u0103 angajamentul de a nu accepta nicio form\u0103 de aderare \u201epar\u021bial\u0103\u201d sau interimar\u0103 la Uniunea European\u0103. Aceasta este declara\u021bia ministrului de externe, Andriy Sybiha, f\u0103cut\u0103 miercuri, conform informa\u021biilor furnizate de Kyiv Post. \u00cen cadrul unei \u00eent\u00e2lniri cu jurnali\u0219tii, Sybiha a subliniat pozi\u021bia clar\u0103 a pre\u0219edintelui Volodimir Zelenski, care afirm\u0103 c\u0103 Ucraina urm\u0103re\u0219te o [&hellip;]<\/p>\n","protected":false},"author":2,"featured_media":15180,"comment_status":"open","ping_status":"open","sticky":false,"template":"","format":"standard","meta":{"jnews-multi-image_gallery":[],"jnews_single_post":[],"jnews_primary_category":[],"jnews_override_counter":[],"footnotes":""},"categories":[41],"tags":[1308,17643,17644,7584,4730,682,321,1087],"class_list":["post-15179","post","type-post","status-publish","format-standard","has-post-thumbnail","hentry","category-externe","tag-aderare","tag-andriy-sybiha","tag-asociere","tag-integrare","tag-parteneri","tag-ucraina","tag-uniunea-europeana","tag-volodimir-zelenski"],"_links":{"self":[{"href":"https:\/\/www.newsrecorder.ro\/app\/wp-json\/wp\/v2\/posts\/15179","targetHints":{"allow":["GET"]}}],"collection":[{"href":"https:\/\/www.newsrecorder.ro\/app\/wp-json\/wp\/v2\/posts"}],"about":[{"href":"https:\/\/www.newsrecorder.ro\/app\/wp-json\/wp\/v2\/types\/post"}],"author":[{"embeddable":true,"href":"https:\/\/www.newsrecorder.ro\/app\/wp-json\/wp\/v2\/users\/2"}],"replies":[{"embeddable":true,"href":"https:\/\/www.newsrecorder.ro\/app\/wp-json\/wp\/v2\/comments?post=15179"}],"version-history":[{"count":0,"href":"https:\/\/www.newsrecorder.ro\/app\/wp-json\/wp\/v2\/posts\/15179\/revisions"}],"wp:featuredmedia":[{"embeddable":true,"href":"https:\/\/www.newsrecorder.ro\/app\/wp-json\/wp\/v2\/media\/15180"}],"wp:attachment":[{"href":"https:\/\/www.newsrecorder.ro\/app\/wp-json\/wp\/v2\/media?parent=15179"}],"wp:term":[{"taxonomy":"category","embeddable":true,"href":"https:\/\/www.newsrecorder.ro\/app\/wp-json\/wp\/v2\/categories?post=15179"},{"taxonomy":"post_tag","embeddable":true,"href":"https:\/\/www.newsrecorder.ro\/app\/wp-json\/wp\/v2\/tags?post=15179"}],"curies":[{"name":"wp","href":"https:\/\/api.w.org\/{rel}","templated":true}]}}