{"id":15181,"date":"2026-04-22T11:37:53","date_gmt":"2026-04-22T11:37:53","guid":{"rendered":"https:\/\/www.newsrecorder.ro\/app\/2026\/04\/22\/zelenski-viziteaza-cipru-pentru-a-obtine-90-miliarde-de-euro\/"},"modified":"2026-04-22T11:37:53","modified_gmt":"2026-04-22T11:37:53","slug":"zelenski-viziteaza-cipru-pentru-a-obtine-90-miliarde-de-euro","status":"publish","type":"post","link":"https:\/\/www.newsrecorder.ro\/app\/2026\/04\/22\/zelenski-viziteaza-cipru-pentru-a-obtine-90-miliarde-de-euro\/","title":{"rendered":"Zelenski viziteaz\u0103 Cipru pentru a ob\u021bine 90 miliarde de euro!"},"content":{"rendered":"<p style=\"text-align: left\">Pre\u0219edintele Ucrainei, Volodimir Zelenski, se preg\u0103te\u0219te s\u0103 participe \u00een persoan\u0103 la summitul Uniunii Europene ce va avea loc joi, la Ayia Napa. Scopul s\u0103u principal este de a asigura deblocarea \u00eemprumutului de 90 de miliarde de euro, o sum\u0103 semnificativ\u0103 pentru Ucraina.<\/p>\n<p style=\"text-align: left\">Blocajul creat de Ungaria este pe cale s\u0103 fie dep\u0103\u0219it. Aceast\u0103 finan\u021bare a fost convenit\u0103 de liderii europeni \u00eenc\u0103 din luna decembrie, dar a fost ulterior suspendat\u0103 de premierul ungar, Viktor Orb\u00e1n. Motivul invocat de Budapesta a fost oprirea livr\u0103rilor de petrol rusesc din Ucraina prin conducta Druzhba, care traverseaz\u0103 teritoriul ucrainean.<\/p>\n<p style=\"text-align: left\">Kievul a sus\u021binut c\u0103 o sta\u021bie de pompare a fost distrus\u0103 \u00een urma unui atac rusesc, \u00een timp ce oficialii ungari au acuzat Ucraina de oprirea fluxului de petrol. \u00centre timp, Orb\u00e1n, care a pierdut recentele alegeri dar r\u0103m\u00e2ne temporar \u00een func\u021bie, a declarat c\u0103 Ungaria va renun\u021ba la veto dac\u0103 livr\u0103rile de petrol sunt reluate. Se a\u0219teapt\u0103 ca ambasadorul Ungariei la UE s\u0103 confirme aceast\u0103 pozi\u021bie.<\/p>\n<p style=\"text-align: left\">Zelenski a decis s\u0103 \u00ee\u0219i schimbe planurile, opt\u00e2nd s\u0103 participe fizic la cina informal\u0103 a liderilor europeni, \u00een loc s\u0103 intervin\u0103 prin videoconferin\u021b\u0103. Conform unor surse citate de <a href=\"https:\/\/www.ft.com\/content\/0894b179-21ba-4c9f-847d-dbfd7f7705ac\" target=\"_blank\" rel=\"noopener\">Financial Times<\/a>, pre\u0219edintele ucrainean dore\u0219te s\u0103 aib\u0103 discu\u021bii directe cu \u0219efii de state \u0219i de guvern pentru a ob\u021bine nu doar deblocarea \u00eemprumutului, ci \u0219i progrese \u00een procesul de aderare a Ucrainei la UE.<\/p>\n<p style=\"text-align: left\">\u201eNu vreau s\u0103 deochi\u201d, a comentat Kaja Kallas, \u00eentrebat\u0103 despre finalizarea disputei. \u201eSper\u0103m c\u0103 toate obstacolele au fost acum eliminate\u201d.<\/p>\n<p style=\"text-align: left\">\u00cen ciuda avans\u0103rii \u00een privin\u021ba finan\u021b\u0103rii, chestiunea ader\u0103rii Ucrainei la Uniunea European\u0103 r\u0103m\u00e2ne una controversat\u0103. Zelenski a afirmat, dup\u0103 o discu\u021bie cu pre\u0219edinta Comisiei Europene, Ursula von der Leyen, c\u0103 este \u201epe deplin justificat\u201d s\u0103 se deschid\u0103 capitolele de negociere pentru aderare.<\/p>\n<p style=\"text-align: left\">Totu\u0219i, mai multe state membre, printre care Fran\u021ba \u0219i Germania, se opun ideii unei proceduri accelerate \u0219i prefer\u0103 o abordare care s\u0103 ofere doar beneficii limitate, de tip \u201esemi-aderare\u201d, f\u0103r\u0103 a ocoli criteriile stricte necesare pentru a deveni parte a blocului comunitar.<\/p>\n<p style=\"text-align: left\">\u00cen acest context, discu\u021biile dintre liderii europeni, programate pe litoralul cipriot, se preconizeaz\u0103 a fi extrem de tensionate.<\/p>\n","protected":false},"excerpt":{"rendered":"<p>Pre\u0219edintele Ucrainei, Volodimir Zelenski, se preg\u0103te\u0219te s\u0103 participe \u00een persoan\u0103 la summitul Uniunii Europene ce va avea loc joi, la Ayia Napa. Scopul s\u0103u principal este de a asigura deblocarea \u00eemprumutului de 90 de miliarde de euro, o sum\u0103 semnificativ\u0103 pentru Ucraina. Blocajul creat de Ungaria este pe cale s\u0103 fie dep\u0103\u0219it. Aceast\u0103 finan\u021bare a [&hellip;]<\/p>\n","protected":false},"author":2,"featured_media":15182,"comment_status":"open","ping_status":"open","sticky":false,"template":"","format":"standard","meta":{"jnews-multi-image_gallery":[],"jnews_single_post":[],"jnews_primary_category":[],"jnews_override_counter":[],"footnotes":""},"categories":[41],"tags":[101,10918,1736,4403,682,1924,321,1030],"class_list":["post-15181","post","type-post","status-publish","format-standard","has-post-thumbnail","hentry","category-externe","tag-imprumut","tag-orban","tag-petrol","tag-summit","tag-ucraina","tag-ungaria","tag-uniunea-europeana","tag-zelenski"],"_links":{"self":[{"href":"https:\/\/www.newsrecorder.ro\/app\/wp-json\/wp\/v2\/posts\/15181","targetHints":{"allow":["GET"]}}],"collection":[{"href":"https:\/\/www.newsrecorder.ro\/app\/wp-json\/wp\/v2\/posts"}],"about":[{"href":"https:\/\/www.newsrecorder.ro\/app\/wp-json\/wp\/v2\/types\/post"}],"author":[{"embeddable":true,"href":"https:\/\/www.newsrecorder.ro\/app\/wp-json\/wp\/v2\/users\/2"}],"replies":[{"embeddable":true,"href":"https:\/\/www.newsrecorder.ro\/app\/wp-json\/wp\/v2\/comments?post=15181"}],"version-history":[{"count":0,"href":"https:\/\/www.newsrecorder.ro\/app\/wp-json\/wp\/v2\/posts\/15181\/revisions"}],"wp:featuredmedia":[{"embeddable":true,"href":"https:\/\/www.newsrecorder.ro\/app\/wp-json\/wp\/v2\/media\/15182"}],"wp:attachment":[{"href":"https:\/\/www.newsrecorder.ro\/app\/wp-json\/wp\/v2\/media?parent=15181"}],"wp:term":[{"taxonomy":"category","embeddable":true,"href":"https:\/\/www.newsrecorder.ro\/app\/wp-json\/wp\/v2\/categories?post=15181"},{"taxonomy":"post_tag","embeddable":true,"href":"https:\/\/www.newsrecorder.ro\/app\/wp-json\/wp\/v2\/tags?post=15181"}],"curies":[{"name":"wp","href":"https:\/\/api.w.org\/{rel}","templated":true}]}}