{"id":15193,"date":"2026-04-22T12:05:49","date_gmt":"2026-04-22T12:05:49","guid":{"rendered":"https:\/\/www.newsrecorder.ro\/app\/2026\/04\/22\/ucraina-solicita-turciei-sa-medieze-o-intalnire-zelenski-putin\/"},"modified":"2026-04-22T12:05:49","modified_gmt":"2026-04-22T12:05:49","slug":"ucraina-solicita-turciei-sa-medieze-o-intalnire-zelenski-putin","status":"publish","type":"post","link":"https:\/\/www.newsrecorder.ro\/app\/2026\/04\/22\/ucraina-solicita-turciei-sa-medieze-o-intalnire-zelenski-putin\/","title":{"rendered":"Ucraina solicit\u0103 Turciei s\u0103 medieze o \u00eent\u00e2lnire Zelenski-Putin"},"content":{"rendered":"<p>Ucraina a solicitat Turciei s\u0103 organizeze o \u00eent\u00e2lnire \u00eentre pre\u0219edintele Volodimir Zelenski \u0219i pre\u0219edintele Rusiei, Vladimir Putin, conform declara\u021biilor f\u0103cute de ministrul de externe ucrainean. Aceast\u0103 ini\u021biativ\u0103 vine \u00een contextul \u00een care Kievul \u00ee\u0219i propune s\u0103 reia negocierile de pace, a raportat agen\u021bia Reuters.<\/p>\n<p>\u201eAm contactat turcii \u00een leg\u0103tur\u0103 cu aceast\u0103 propunere \u0219i am discutat \u0219i cu alte capitale\u201d, a afirmat Andrii Sybiha, ministrul de externe, \u00een cadrul unor comentarii adresate jurnali\u0219tilor mar\u021bi, care au fost autorizate pentru publicare miercuri.<\/p>\n<p>Sybiha a subliniat c\u0103 Ucraina este deschis\u0103 s\u0103 considere orice alt\u0103 loca\u021bie dec\u00e2t Belarus sau Rusia pentru o \u00eent\u00e2lnire cu Putin, un aspect pe care pre\u0219edintele Zelenski l-a c\u0103utat cu insisten\u021b\u0103. \u201eNe-am adresat \u00een mod special turcilor\u201d, a ad\u0103ugat el. \u201eDar suntem dispu\u0219i s\u0103 accept\u0103m o \u00eent\u00e2lnire organizat\u0103 de orice alt\u0103 capital\u0103, \u00een afar\u0103 de Moscova \u0219i Belarus.\u201d<\/p>\n<p>Pe de alt\u0103 parte, Kremlinul a declarat c\u0103 este dispus s\u0103-l primeasc\u0103 pe Zelenski la Moscova, \u00eens\u0103 acest loc a fost clarificat de liderul ucrainean ca fiind inacceptabil pentru el.<\/p>\n<p>\u00cen plus, Sybiha a men\u021bionat c\u0103 a \u00eenceput deja schimbul de mesaje cu Anita Orban, care va deveni noul ministru de externe al Ungariei odat\u0103 ce noul guvern, ales la \u00eenceputul acestei luni, \u00ee\u0219i va prelua oficial atribu\u021biile.<\/p>\n","protected":false},"excerpt":{"rendered":"<p>Ucraina a solicitat Turciei s\u0103 organizeze o \u00eent\u00e2lnire \u00eentre pre\u0219edintele Volodimir Zelenski \u0219i pre\u0219edintele Rusiei, Vladimir Putin, conform declara\u021biilor f\u0103cute de ministrul de externe ucrainean. Aceast\u0103 ini\u021biativ\u0103 vine \u00een contextul \u00een care Kievul \u00ee\u0219i propune s\u0103 reia negocierile de pace, a raportat agen\u021bia Reuters. \u201eAm contactat turcii \u00een leg\u0103tur\u0103 cu aceast\u0103 propunere \u0219i am discutat [&hellip;]<\/p>\n","protected":false},"author":2,"featured_media":15194,"comment_status":"open","ping_status":"open","sticky":false,"template":"","format":"standard","meta":{"jnews-multi-image_gallery":[],"jnews_single_post":[],"jnews_primary_category":[],"jnews_override_counter":[],"footnotes":""},"categories":[41],"tags":[14225,1031,1034,5184,1887,2412,682,1030],"class_list":["post-15193","post","type-post","status-publish","format-standard","has-post-thumbnail","hentry","category-externe","tag-andrii-sybiha","tag-belarus","tag-moscova","tag-negocieri-de-pace","tag-putin","tag-turcia","tag-ucraina","tag-zelenski"],"_links":{"self":[{"href":"https:\/\/www.newsrecorder.ro\/app\/wp-json\/wp\/v2\/posts\/15193","targetHints":{"allow":["GET"]}}],"collection":[{"href":"https:\/\/www.newsrecorder.ro\/app\/wp-json\/wp\/v2\/posts"}],"about":[{"href":"https:\/\/www.newsrecorder.ro\/app\/wp-json\/wp\/v2\/types\/post"}],"author":[{"embeddable":true,"href":"https:\/\/www.newsrecorder.ro\/app\/wp-json\/wp\/v2\/users\/2"}],"replies":[{"embeddable":true,"href":"https:\/\/www.newsrecorder.ro\/app\/wp-json\/wp\/v2\/comments?post=15193"}],"version-history":[{"count":0,"href":"https:\/\/www.newsrecorder.ro\/app\/wp-json\/wp\/v2\/posts\/15193\/revisions"}],"wp:featuredmedia":[{"embeddable":true,"href":"https:\/\/www.newsrecorder.ro\/app\/wp-json\/wp\/v2\/media\/15194"}],"wp:attachment":[{"href":"https:\/\/www.newsrecorder.ro\/app\/wp-json\/wp\/v2\/media?parent=15193"}],"wp:term":[{"taxonomy":"category","embeddable":true,"href":"https:\/\/www.newsrecorder.ro\/app\/wp-json\/wp\/v2\/categories?post=15193"},{"taxonomy":"post_tag","embeddable":true,"href":"https:\/\/www.newsrecorder.ro\/app\/wp-json\/wp\/v2\/tags?post=15193"}],"curies":[{"name":"wp","href":"https:\/\/api.w.org\/{rel}","templated":true}]}}