{"id":15197,"date":"2026-04-22T12:42:52","date_gmt":"2026-04-22T12:42:52","guid":{"rendered":"https:\/\/www.newsrecorder.ro\/app\/2026\/04\/22\/negocieri-intense-intre-sindicate-si-psd-propunerile-bns-pentru-salarii\/"},"modified":"2026-04-22T12:42:52","modified_gmt":"2026-04-22T12:42:52","slug":"negocieri-intense-intre-sindicate-si-psd-propunerile-bns-pentru-salarii","status":"publish","type":"post","link":"https:\/\/www.newsrecorder.ro\/app\/2026\/04\/22\/negocieri-intense-intre-sindicate-si-psd-propunerile-bns-pentru-salarii\/","title":{"rendered":"Negocieri intense \u00eentre sindicate \u0219i PSD: Propunerile BNS pentru salarii!"},"content":{"rendered":"<p>\u00cen ziua de miercuri, a avut loc o nou\u0103 rund\u0103 de discu\u021bii \u00eentre reprezentan\u021bii Partidului Social Democrat (PSD) \u0219i confedera\u021biile sindicale, av\u00e2nd ca teme centrale reforma salariz\u0103rii \u00een sectorul bugetar \u0219i orient\u0103rile economice viitoare. La aceast\u0103 \u00eent\u00e2lnire au fost prezen\u021bi pre\u0219edintele BNS, Dumitru Costin, \u0219i Cosmin Andreica, al\u0103turi de to\u021bi mini\u0219trii PSD.<\/p>\n<p>Discu\u021biile s-au desf\u0103\u0219urat \u00eentr-un context politic delicat, av\u00e2nd \u00een vedere c\u0103 mini\u0219trii PSD se preg\u0103tesc s\u0103 \u00ee\u0219i depun\u0103 mandatele.<\/p>\n<p>Conform unui comunicat oficial emis de BNS, \u201eBNS a propus ca procesul de negociere pentru formarea unei noi coali\u021bii s\u0103 conduc\u0103 la elaborarea unui nou program de guvernare. Reprezentan\u021bii BNS au sus\u021binut, baz\u00e2ndu-se pe date \u0219i indicatori economici, c\u0103 programul actual nu a adus beneficii semnificative economiei, cu excep\u021bia reducerii deficitului bugetar cu 0,8%.\u201d<\/p>\n<p>Printre priorit\u0103\u021bile sugerate de BNS pentru viitorul program se num\u0103r\u0103: sectorul energetic, agricultura \u0219i industria alimentar\u0103, precum \u0219i industria de ap\u0103rare, care ar putea beneficia de transformarea programului SAFE \u00een ini\u021biative industriale \u201etransparente\u201d. De asemenea, BNS a subliniat necesitatea opera\u021bionaliz\u0103rii schemelor de ajutor de stat pentru a sprijini mediul privat \u0219i persoanele disponibilizate.<\/p>\n<p>Un alt aspect important abordat \u00een cadrul \u00eent\u00e2lnirii a fost situa\u021bia companiilor cu capital de stat. BNS a propus urm\u0103toarele m\u0103suri:<\/p>\n<ul>\n<li>Salvarea activelor \u0219i identificarea de solu\u021bii pentru angaja\u021bii companiilor aflate \u00een dificultate, inclusiv prin recalificare;<\/li>\n<li>Pentru companiile listate la burs\u0103, s-a convenit asupra v\u00e2nz\u0103rii unor pachete de ac\u021biuni la pre\u021bul pie\u021bei;<\/li>\n<li>Pentru companiile nelistate, a fost solicitat\u0103 o reevaluare corect\u0103 \u00eenainte de listare, av\u00e2nd \u00een vedere c\u0103 BNS a constatat c\u0103 unele dintre valorile prezentate de vicepremierul Oana Gheorghiu erau subevaluate, scopul fiind asigurarea unor venituri suplimentare la buget.<\/li>\n<\/ul>\n<p>Un alt punct central al discu\u021biilor a fost proiectul noii legi-cadru privind salarizarea bugetarilor, care este \u00een prezent elaborat cu suportul exper\u021bilor B\u0103ncii Mondiale \u0219i urmeaz\u0103 s\u0103 fie avizat. BNS a men\u021bionat c\u0103 noul sistem de salarizare \u201ear introduce o valoare de referin\u021b\u0103 fix\u0103, diferit\u0103 de salariul minim pe economie, ceea ce ar putea duce la stabilirea coeficientului de baz\u0103 sub nivelul salariului minim\u201d.<\/p>\n<p>\u00cen cadrul \u00eent\u00e2lnirii, BNS a propus dou\u0103 m\u0103suri importante, care au fost acceptate de reprezentan\u021bii PSD. Acestea includ organizarea consult\u0103rilor pentru fiecare familie ocupa\u021bional\u0103, cu participarea simultan\u0103 a angajatorilor \u0219i sindicatelor, pentru a preveni discrepan\u021bele de viziune, precum \u0219i \u00eenfiin\u021barea unui help desk la Ministerul Muncii, destinat s\u0103 ofere suport speciali\u0219tilor HR \u00een aplicarea noilor grile salariale.<\/p>\n","protected":false},"excerpt":{"rendered":"<p>\u00cen ziua de miercuri, a avut loc o nou\u0103 rund\u0103 de discu\u021bii \u00eentre reprezentan\u021bii Partidului Social Democrat (PSD) \u0219i confedera\u021biile sindicale, av\u00e2nd ca teme centrale reforma salariz\u0103rii \u00een sectorul bugetar \u0219i orient\u0103rile economice viitoare. La aceast\u0103 \u00eent\u00e2lnire au fost prezen\u021bi pre\u0219edintele BNS, Dumitru Costin, \u0219i Cosmin Andreica, al\u0103turi de to\u021bi mini\u0219trii PSD. Discu\u021biile s-au desf\u0103\u0219urat [&hellip;]<\/p>\n","protected":false},"author":4,"featured_media":15198,"comment_status":"open","ping_status":"open","sticky":false,"template":"","format":"standard","meta":{"jnews-multi-image_gallery":[],"jnews_single_post":[],"jnews_primary_category":[],"jnews_override_counter":[],"footnotes":""},"categories":[40],"tags":[7381,636,298,646,8205,300,17664,14940],"class_list":["post-15197","post","type-post","status-publish","format-standard","has-post-thumbnail","hentry","category-econonie","tag-bns","tag-coalitie","tag-deficit-bugetar","tag-discutii","tag-program-de-guvernare","tag-psd","tag-reforma-salarizarii","tag-sector-bugetar"],"_links":{"self":[{"href":"https:\/\/www.newsrecorder.ro\/app\/wp-json\/wp\/v2\/posts\/15197","targetHints":{"allow":["GET"]}}],"collection":[{"href":"https:\/\/www.newsrecorder.ro\/app\/wp-json\/wp\/v2\/posts"}],"about":[{"href":"https:\/\/www.newsrecorder.ro\/app\/wp-json\/wp\/v2\/types\/post"}],"author":[{"embeddable":true,"href":"https:\/\/www.newsrecorder.ro\/app\/wp-json\/wp\/v2\/users\/4"}],"replies":[{"embeddable":true,"href":"https:\/\/www.newsrecorder.ro\/app\/wp-json\/wp\/v2\/comments?post=15197"}],"version-history":[{"count":0,"href":"https:\/\/www.newsrecorder.ro\/app\/wp-json\/wp\/v2\/posts\/15197\/revisions"}],"wp:featuredmedia":[{"embeddable":true,"href":"https:\/\/www.newsrecorder.ro\/app\/wp-json\/wp\/v2\/media\/15198"}],"wp:attachment":[{"href":"https:\/\/www.newsrecorder.ro\/app\/wp-json\/wp\/v2\/media?parent=15197"}],"wp:term":[{"taxonomy":"category","embeddable":true,"href":"https:\/\/www.newsrecorder.ro\/app\/wp-json\/wp\/v2\/categories?post=15197"},{"taxonomy":"post_tag","embeddable":true,"href":"https:\/\/www.newsrecorder.ro\/app\/wp-json\/wp\/v2\/tags?post=15197"}],"curies":[{"name":"wp","href":"https:\/\/api.w.org\/{rel}","templated":true}]}}