{"id":15229,"date":"2026-04-22T14:40:51","date_gmt":"2026-04-22T14:40:51","guid":{"rendered":"https:\/\/www.newsrecorder.ro\/app\/2026\/04\/22\/criza-politica-continua-psd-isi-retrage-ministrii-bolojan-pregateste-interimari\/"},"modified":"2026-04-22T14:40:51","modified_gmt":"2026-04-22T14:40:51","slug":"criza-politica-continua-psd-isi-retrage-ministrii-bolojan-pregateste-interimari","status":"publish","type":"post","link":"https:\/\/www.newsrecorder.ro\/app\/2026\/04\/22\/criza-politica-continua-psd-isi-retrage-ministrii-bolojan-pregateste-interimari\/","title":{"rendered":"Criza politic\u0103 continu\u0103: PSD \u00ee\u0219i retrage mini\u0219trii, Bolojan preg\u0103te\u0219te interimari!"},"content":{"rendered":"<p>\u00centr-un pas decisiv, Partidul Social Democrat (PSD) a anun\u021bat ie\u0219irea sa de la guvernare. Dup\u0103 ce social-democra\u021bii au retras sprijinul politic premierului Ilie Bolojan, conducerea partidului a votat \u00een unanimitate pentru demisia mini\u0219trilor PSD, programat\u0103 pentru joi. Sorin Grindeanu, liderul PSD, a declarat dup\u0103 consult\u0103rile de la Cotroceni c\u0103 partidul ar putea s\u0103 treac\u0103 \u00een opozi\u021bie \u00een absen\u021ba unei \u201earmoniz\u0103ri a punctelor de vedere\u201d. El a subliniat c\u0103 PSD va continua s\u0103 sprijine o formul\u0103 pro-european\u0103, dar cu un alt prim-ministru la conducere.<\/p>\n<p>\u00cen prezent, PSD dispune de un vicepremier, Marian Neac\u0219u, \u0219i de \u0219ase mini\u0219tri \u00een guvern: Alexandru Rogobete (S\u0103n\u0103tate), Radu Marinescu (Justi\u021bie), Florin Barbu (Agricultur\u0103), Florin Manole (Munc\u0103), Bogdan Ivan (Energie) \u0219i Ciprian \u0218erban (Transporturi).<\/p>\n<p>\u00cen acest context, premierul Ilie Bolojan a afirmat c\u0103 \u00ee\u0219i asum\u0103 \u00een continuare mandatul. Conform informa\u021biilor provenite de la Mediafax, premierul \u00ee\u0219i propune ca posturile vacante, generate de demisia social-democra\u021bilor, s\u0103 fie ocupate rapid, pentru a asigura continuitatea activit\u0103\u021bii Guvernului \u0219i, \u00een special, a proiectelor legate de Planul Na\u021bional de Redresare \u0219i Rezilien\u021b\u0103 (PNRR). Este important de men\u021bionat c\u0103, dup\u0103 desemnarea de c\u0103tre premier, mini\u0219trii interimari vor fi numi\u021bi prin decret semnat de pre\u0219edinte.<\/p>\n<p>Conform surselor Mediafax, liberalii au \u00eenceput deja s\u0103 contureze o prim\u0103 variant\u0103 de lucru pentru portofoliile ce vor r\u0103m\u00e2ne libere dup\u0103 plecarea mini\u0219trilor PSD. Cu toate acestea, lista nu este finalizat\u0103 \u0219i nu a fost aprobat\u0103 de premier \u0219i de celelalte partide r\u0103mase \u00een coali\u021bie. <strong>Cele trei partide r\u0103mase \u00een coali\u021bie au decis s\u0103 nu discute public despre aceast\u0103 list\u0103 p\u00e2n\u0103 c\u00e2nd demisia mini\u0219trilor PSD nu va fi oficializat\u0103.<\/strong><\/p>\n<p>\u00cen forma actual\u0103 a discu\u021biilor, se preconizeaz\u0103 c\u0103 interimatul la Ministerul Transporturilor va fi preluat de Ilie Bolojan, la Ministerul S\u0103n\u0103t\u0103\u021bii de Cseke Attila, la Justi\u021bie de C\u0103t\u0103lin Predoiu, iar la Agricultur\u0103 de Diana Buzoianu. Exist\u0103, de asemenea, mai multe propuneri pentru Ministerul Muncii \u0219i Ministerul Energiei.<\/p>\n","protected":false},"excerpt":{"rendered":"<p>\u00centr-un pas decisiv, Partidul Social Democrat (PSD) a anun\u021bat ie\u0219irea sa de la guvernare. Dup\u0103 ce social-democra\u021bii au retras sprijinul politic premierului Ilie Bolojan, conducerea partidului a votat \u00een unanimitate pentru demisia mini\u0219trilor PSD, programat\u0103 pentru joi. Sorin Grindeanu, liderul PSD, a declarat dup\u0103 consult\u0103rile de la Cotroceni c\u0103 partidul ar putea s\u0103 treac\u0103 \u00een [&hellip;]<\/p>\n","protected":false},"author":2,"featured_media":15230,"comment_status":"open","ping_status":"open","sticky":false,"template":"","format":"standard","meta":{"jnews-multi-image_gallery":[],"jnews_single_post":[],"jnews_primary_category":[],"jnews_override_counter":[],"footnotes":""},"categories":[42],"tags":[2079,526,302,17691,3432,2600,525,300],"class_list":["post-15229","post","type-post","status-publish","format-standard","has-post-thumbnail","hentry","category-politica","tag-demisie","tag-guvernare","tag-ilie-bolojan","tag-marian-neacsu","tag-ministri","tag-opozitie","tag-pro-european","tag-psd"],"_links":{"self":[{"href":"https:\/\/www.newsrecorder.ro\/app\/wp-json\/wp\/v2\/posts\/15229","targetHints":{"allow":["GET"]}}],"collection":[{"href":"https:\/\/www.newsrecorder.ro\/app\/wp-json\/wp\/v2\/posts"}],"about":[{"href":"https:\/\/www.newsrecorder.ro\/app\/wp-json\/wp\/v2\/types\/post"}],"author":[{"embeddable":true,"href":"https:\/\/www.newsrecorder.ro\/app\/wp-json\/wp\/v2\/users\/2"}],"replies":[{"embeddable":true,"href":"https:\/\/www.newsrecorder.ro\/app\/wp-json\/wp\/v2\/comments?post=15229"}],"version-history":[{"count":0,"href":"https:\/\/www.newsrecorder.ro\/app\/wp-json\/wp\/v2\/posts\/15229\/revisions"}],"wp:featuredmedia":[{"embeddable":true,"href":"https:\/\/www.newsrecorder.ro\/app\/wp-json\/wp\/v2\/media\/15230"}],"wp:attachment":[{"href":"https:\/\/www.newsrecorder.ro\/app\/wp-json\/wp\/v2\/media?parent=15229"}],"wp:term":[{"taxonomy":"category","embeddable":true,"href":"https:\/\/www.newsrecorder.ro\/app\/wp-json\/wp\/v2\/categories?post=15229"},{"taxonomy":"post_tag","embeddable":true,"href":"https:\/\/www.newsrecorder.ro\/app\/wp-json\/wp\/v2\/tags?post=15229"}],"curies":[{"name":"wp","href":"https:\/\/api.w.org\/{rel}","templated":true}]}}