{"id":15247,"date":"2026-04-22T18:20:15","date_gmt":"2026-04-22T18:20:15","guid":{"rendered":"https:\/\/www.newsrecorder.ro\/app\/2026\/04\/22\/salveaza-tarom-petitie-online-pentru-viitorul-companiei-nationale\/"},"modified":"2026-04-22T18:20:15","modified_gmt":"2026-04-22T18:20:15","slug":"salveaza-tarom-petitie-online-pentru-viitorul-companiei-nationale","status":"publish","type":"post","link":"https:\/\/www.newsrecorder.ro\/app\/2026\/04\/22\/salveaza-tarom-petitie-online-pentru-viitorul-companiei-nationale\/","title":{"rendered":"Salveaz\u0103 TAROM: Peti\u021bie online pentru viitorul companiei na\u021bionale!"},"content":{"rendered":"<p>Sindicatul Unit Tarom (SUT), care ap\u0103r\u0103 interesele angaja\u021bilor <a href=\"https:\/\/www.mediafax.ro\/social\/acuzatii-explozive-in-scandalul-tarom-daca-tarom-va-disparea-va-disparea-din-cauza-doamnei-oana-gheorghiu-care-e-obisnuita-cu-donatiile-oare-n-a-primit-si-doamna-gheorg-23723983\">TAROM<\/a>, a ini\u021biat o peti\u021bie online adresat\u0103 tuturor rom\u00e2nilor, ca reac\u021bie la planurile Guvernului de a \u00eenchide compania \u00eencep\u00e2nd cu data de 30 aprilie.<\/p>\n<p>Precedentul ac\u021biunilor de protest a fost marcat de mobilizarea angaja\u021bilor la sediul TAROM, unde \u0219i-au exprimat nemul\u021bumirea fa\u021b\u0103 de deciziile autorit\u0103\u021bilor.<\/p>\n<p>Peti\u021bia are ca scop ap\u0103rarea \u201eunei companii strategice pentru Rom\u00e2nia, nu doar a locurilor de munc\u0103.\u201d<\/p>\n<p>Reprezentan\u021bii SUT o consider\u0103 pe vicepremiera Oana Gheorghiu responsabil\u0103 de aceast\u0103 situa\u021bie, sus\u021bin\u00e2nd c\u0103 lipsa sa de experien\u021b\u0103 \u00een managementul avia\u021biei o descalific\u0103 pentru a lua decizii ce pot afecta siguran\u021ba cet\u0103\u021benilor rom\u00e2ni.<\/p>\n<p>\u00cen textul peti\u021biei, SUT subliniaz\u0103 c\u0103 nu lupt\u0103 doar pentru locurile de munc\u0103 ale angaja\u021bilor, ci pentru a proteja o companie vital\u0103 pentru Rom\u00e2nia.<\/p>\n<p>La scurt timp dup\u0103 lansarea <a href=\"https:\/\/www.petitieonline.com\/salvai_tarom_nu_lsai_romania_fr_aripi?fbclid=IwY2xjawRV4QNleHRuA2FlbQIxMQBicmlkETBVNEs1UG5QUDhCa094Z1oxc3J0YwZhcHBfaWQQMjIyMDM5MTc4ODIwMDg5MgABHvnNmt501Zt1TLhLzyKw3z2uEhkUZDJseE8FuJ88xPUstZJT9CvtNAbW8-5S_aem_Kpcq9kNemS-335ST-w8vIQ#form\">peti\u021biei<\/a>, au fost colectate deja aproximativ 1.000 de semn\u0103turi de sus\u021binere.<\/p>\n<p>Textul peti\u021biei subliniaz\u0103 importan\u021ba TAROM, afirm\u00e2nd: \u201eAst\u0103zi este TAROM, m\u00e2ine poate fi orice alt\u0103 companie strategic\u0103 a Rom\u00e2niei.\u201d<\/p>\n<p>\u201eNu l\u0103sa\u021bi s\u0103 dispar\u0103 TAROM. TAROM ne-a dus spre vacan\u021bele la care visam de luni de zile. Ne-a adus acas\u0103, la familie, dup\u0103 ani petrecu\u021bi departe. Ne-a fost al\u0103turi \u00een momente importante din via\u021ba noastr\u0103. Ast\u0103zi, viitorul s\u0103u este incert. \u0218i doare.\u201d<\/p>\n<p>\u201ePentru c\u0103 TAROM nu este doar o companie aerian\u0103. Este o parte din istoria rom\u00e2nilor, din drumurile noastre, din revederi, din plec\u0103ri \u0219i \u00eentoarceri. \u00cen spatele fiec\u0103rui zbor se afl\u0103 mii de oameni care \u0219i-au dedicat via\u021ba acestei meserii. Oameni care, de\u0219i ar fi putut alege alte locuri de munc\u0103 mai bine pl\u0103tite \u0219i mai respectate, au decis s\u0103 r\u0103m\u00e2n\u0103 \u0219i s\u0103 zboare pentru TAROM, pentru Rom\u00e2nia.\u201d<\/p>\n<p>\u201eAu muncit \u00een t\u0103cere, ani la r\u00e2nd, pentru ca milioane de rom\u00e2ni s\u0103 ajung\u0103 \u00een siguran\u021b\u0103 acolo unde conteaz\u0103 cel mai mult: acas\u0103. \u00cens\u0103, \u00een tot acest timp, deciziile politicienilor au influen\u021bat direc\u021bia companiei, f\u0103r\u0103 ca vocile celor care o sus\u021bin s\u0103 fie realmente auzite. Politicienii \u0219i interesele meschine au \u00eenchis rutele profitabile, au v\u00e2ndut avioane \u0219i au l\u0103sat compania na\u021bional\u0103 la voia \u00eent\u00e2mpl\u0103rii.\u201d<\/p>\n<p>\u201e\u0218i acum risc\u0103m s\u0103 o pierdem, tot din cauza cererilor politicienilor. Nu este doar despre o companie, nu este doar despre angaja\u021bii care risc\u0103 s\u0103 \u00ee\u0219i piard\u0103 locurile de munc\u0103. Este despre o parte din identitatea noastr\u0103 care dispare sub ochii no\u0219tri. Ast\u0103zi este TAROM. M\u00e2ine&#8230; poate fi orice alt\u0103 companie strategic\u0103 din Rom\u00e2nia.\u201d<\/p>\n<p>\u201eDac\u0103 \u00ee\u021bi pas\u0103, semneaz\u0103 peti\u021bia. D\u0103 mai departe. Poate c\u0103 \u00eenc\u0103 nu e prea t\u00e2rziu\u201d, \u00eencheie textul peti\u021biei, care poate fi semnat <a href=\"https:\/\/www.petitieonline.com\/salvai_tarom_nu_lsai_romania_fr_aripi?fbclid=IwY2xjawRV4QNleHRuA2FlbQIxMQBicmlkETBVNEs1UG5QUDhCa094Z1oxc3J0YwZhcHBfaWQQMjIyMDM5MTc4ODIwMDg5MgABHvnNmt501Zt1TLhLzyKw3z2uEhkUZDJseE8FuJ88xPUstZJT9CvtNAbW8-5S_aem_Kpcq9kNemS-335ST-w8vIQ#form\">aici<\/a>.<\/p>\n","protected":false},"excerpt":{"rendered":"<p>Sindicatul Unit Tarom (SUT), care ap\u0103r\u0103 interesele angaja\u021bilor TAROM, a ini\u021biat o peti\u021bie online adresat\u0103 tuturor rom\u00e2nilor, ca reac\u021bie la planurile Guvernului de a \u00eenchide compania \u00eencep\u00e2nd cu data de 30 aprilie. Precedentul ac\u021biunilor de protest a fost marcat de mobilizarea angaja\u021bilor la sediul TAROM, unde \u0219i-au exprimat nemul\u021bumirea fa\u021b\u0103 de deciziile autorit\u0103\u021bilor. Peti\u021bia are [&hellip;]<\/p>\n","protected":false},"author":2,"featured_media":15248,"comment_status":"open","ping_status":"open","sticky":false,"template":"","format":"standard","meta":{"jnews-multi-image_gallery":[],"jnews_single_post":[],"jnews_primary_category":[],"jnews_override_counter":[],"footnotes":""},"categories":[39],"tags":[17714,301,1326,2041,17713,270,1837,5419],"class_list":["post-15247","post","type-post","status-publish","format-standard","has-post-thumbnail","hentry","category-stirile-zilei","tag-companie-strategica","tag-guvern","tag-locuri-de-munca","tag-oana-gheorghiu","tag-petitie","tag-protest","tag-sindicat","tag-tarom"],"_links":{"self":[{"href":"https:\/\/www.newsrecorder.ro\/app\/wp-json\/wp\/v2\/posts\/15247","targetHints":{"allow":["GET"]}}],"collection":[{"href":"https:\/\/www.newsrecorder.ro\/app\/wp-json\/wp\/v2\/posts"}],"about":[{"href":"https:\/\/www.newsrecorder.ro\/app\/wp-json\/wp\/v2\/types\/post"}],"author":[{"embeddable":true,"href":"https:\/\/www.newsrecorder.ro\/app\/wp-json\/wp\/v2\/users\/2"}],"replies":[{"embeddable":true,"href":"https:\/\/www.newsrecorder.ro\/app\/wp-json\/wp\/v2\/comments?post=15247"}],"version-history":[{"count":0,"href":"https:\/\/www.newsrecorder.ro\/app\/wp-json\/wp\/v2\/posts\/15247\/revisions"}],"wp:featuredmedia":[{"embeddable":true,"href":"https:\/\/www.newsrecorder.ro\/app\/wp-json\/wp\/v2\/media\/15248"}],"wp:attachment":[{"href":"https:\/\/www.newsrecorder.ro\/app\/wp-json\/wp\/v2\/media?parent=15247"}],"wp:term":[{"taxonomy":"category","embeddable":true,"href":"https:\/\/www.newsrecorder.ro\/app\/wp-json\/wp\/v2\/categories?post=15247"},{"taxonomy":"post_tag","embeddable":true,"href":"https:\/\/www.newsrecorder.ro\/app\/wp-json\/wp\/v2\/tags?post=15247"}],"curies":[{"name":"wp","href":"https:\/\/api.w.org\/{rel}","templated":true}]}}