{"id":15251,"date":"2026-04-22T18:20:59","date_gmt":"2026-04-22T18:20:59","guid":{"rendered":"https:\/\/www.newsrecorder.ro\/app\/2026\/04\/22\/descopera-patrimoniul-romaniei-la-expozitia-permanenta-a-bibliotecii-academiei\/"},"modified":"2026-04-22T18:20:59","modified_gmt":"2026-04-22T18:20:59","slug":"descopera-patrimoniul-romaniei-la-expozitia-permanenta-a-bibliotecii-academiei","status":"publish","type":"post","link":"https:\/\/www.newsrecorder.ro\/app\/2026\/04\/22\/descopera-patrimoniul-romaniei-la-expozitia-permanenta-a-bibliotecii-academiei\/","title":{"rendered":"Descoper\u0103 patrimoniul Rom\u00e2niei la expozi\u021bia permanent\u0103 a Bibliotecii Academiei"},"content":{"rendered":"<p>Recent, un eveniment deosebit a marcat 160 de ani de la \u00eenfiin\u021barea Academiei Rom\u00e2ne, prin inaugurarea unei expozi\u021bii care subliniaz\u0103 momentele esen\u021biale din istoria Bibliotecii Academiei. Aceast\u0103 expozi\u021bie ilustreaz\u0103 evolu\u021bia patrimoniului s\u0103u impresionant, \u00eencep\u00e2nd cu prima colec\u021bie de carte donat\u0103 \u00een 1866 \u0219i ajung\u00e2nd la actualul fond de peste 10 milioane de unit\u0103\u021bi de bibliotec\u0103.<\/p>\n<p>Tezaurul Bibliotecii Academiei Rom\u00e2ne este extrem de diversificat, incluz\u00e2nd colec\u021bii bogate de c\u0103r\u021bi, periodice, fonduri de manuscrise \u0219i arhiv\u0103, materiale cartografice, piese rare de numismatic\u0103, lucr\u0103ri de art\u0103 \u0219i obiecte muzeale.<\/p>\n<p>\u201eConsider c\u0103 aceast\u0103 expozi\u021bie va scoate \u00een eviden\u021b\u0103 aspectele unice pe care le de\u021binem. Avem c\u0103r\u021bi dat\u00e2nd din anul 1290 \u0219i chiar planul de organizare al Bucure\u0219tiului din 1300. Acestea sunt comori extraordinare! De asemenea, expunem primul document referitor la \u00eenfiin\u021barea Societ\u0103\u021bii Literare Rom\u00e2ne, care a stat la baza Academiei Rom\u00e2ne,\u201d a afirmat prof. ing. Nicolae \u0218t. Noica, director general \u0219i membru de onoare al Academiei Rom\u00e2ne.<\/p>\n<p id=\"caption-attachment-23724561\" class=\"wp-caption-text\">Expozi\u021bia permanent\u0103 a Bibliotecii Academiei Rom\u00e2ne, FOTO: Mihai Pop<\/p>\n<p>Speciali\u0219tii bibliotecii au realizat o selec\u021bie de piese reprezentative din fiecare colec\u021bie, incluz\u00e2nd carte veche \u0219i rar\u0103, manuscrise variate \u2013 de la pagini bizantine la caietele eminesciene \u2013, periodice rom\u00e2ne\u0219ti importante, afi\u0219e de teatru din secolul al XIX-lea, foi volante tip\u0103rite pe m\u0103tase, h\u0103r\u021bi istorice ale \u021a\u0103rilor Rom\u00e2ne, fotografii care ilustreaz\u0103 via\u021ba bucure\u0219tean\u0103 din a doua jum\u0103tate a secolului al XIX-lea, portrete inedite ale familiei regale, lucr\u0103ri de grafic\u0103 rom\u00e2neasc\u0103 \u0219i interna\u021bional\u0103 semnate de arti\u0219ti celebri, precum \u0219i partituri ale unor compozitori de renume.<\/p>\n<p>\u201eAcademia, \u00een acest an, organizeaz\u0103 o serie de evenimente pentru a celebra peste un secol \u0219i jum\u0103tate de activitate, un lucru remarcabil pentru orice institu\u021bie european\u0103, dar \u0219i pentru noi. Academia Rom\u00e2n\u0103 a fost fundamentul culturii rom\u00e2ne\u0219ti moderne \u0219i contemporane, iar Biblioteca reprezint\u0103 oglinda acestei Academii,\u201d a subliniat Noica.<\/p>\n<p>\u201eAm avut adesea \u00eentrebarea cum putem facilita vizitarea acestui loc de c\u0103tre str\u0103ini, astfel \u00eenc\u00e2t s\u0103 \u00ee\u0219i formeze o impresie rapid\u0103 despre comorile pe care le de\u021binem. Este o provocare, dar am reu\u0219it s\u0103 select\u0103m piese importante din cabinetul de numismatic\u0103 pentru a crea o expozi\u021bie permanent\u0103. Avem, de asemenea, o expozi\u021bie care reflect\u0103 bog\u0103\u021bia bibliotecii. Dac\u0103 vizitatorii nu pot observa rapid ce avem aici, pot ajunge s\u0103 cread\u0103 c\u0103 activitatea noastr\u0103 este lipsit\u0103 de sens,\u201d a ad\u0103ugat fostul pre\u0219edinte al Academiei Rom\u00e2ne, Ioan Aurel-Pop.<\/p>\n<p>\u201eDomnul director Noica a deschis din nou cutia cu minuni, de data aceasta prin intermediul unei expozi\u021bii permanente. Privind ce se desf\u0103\u0219oar\u0103 aici, mi-au venit \u00een minte dou\u0103 imagini. Prima se refer\u0103 la revistele de specialitate moderne, care adesea folosesc titluri atr\u0103g\u0103toare \u0219i imagini sugestive pentru a ilustra con\u021binutul. Aici, avem o colec\u021bie de rezumate care reflect\u0103 ceea ce cuprinde Biblioteca Academiei, un tezaur na\u021bional. A doua imagine este o analogie cu ceea ce s-a \u00eent\u00e2mplat la Teatrul Na\u021bional, unde anumite s\u0103li au fost transformate pentru a corespunde noilor cerin\u021be organizatorice. Aici, Sala Fi\u0219ierelor a fost reconvertit\u0103,\u201d a explicat pre\u0219edintele \u00een func\u021bie al Academiei Rom\u00e2ne, Marius Andruh.<\/p>\n<p>Expozi\u021bia permanent\u0103 a Bibliotecii Academiei Rom\u00e2ne este deschis\u0103 tuturor publicului \u0219i poate fi vizitat\u0103 de luni p\u00e2n\u0103 vineri, \u00eentre orele 9-14, cu intrare liber\u0103.<\/p>\n<p>CITE\u0218TE \u0218I:<\/p>\n<p><a href=\"https:\/\/www.mediafax.ro\/cultura-media\/doua-seri-o-poveste-eterna-tosca-iubire-tradare-si-sacrificiu-pe-acordurile-geniului-lui-puccini-la-opera-nationala-bucuresti-23724182\">Dou\u0103 seri, o poveste etern\u0103. \u201eTosca\u201d \u2013 iubire, tr\u0103dare \u0219i sacrificiu pe acordurile geniului lui Puccini la Opera Na\u021bional\u0103 Bucure\u0219ti<\/a><\/p>\n<p><a href=\"https:\/\/www.mediafax.ro\/social\/cat-costa-sa-vizitezi-muzeul-national-de-istorie-a-romaniei-unde-va-fi-expus-coiful-de-la-cotofenesti-23723958\">C\u00e2t cost\u0103 s\u0103 vizitezi Muzeul Na\u021bional de Istorie a Rom\u00e2niei, unde va fi expus coiful de la Co\u021bofene\u0219ti<\/a><\/p>\n","protected":false},"excerpt":{"rendered":"<p>Recent, un eveniment deosebit a marcat 160 de ani de la \u00eenfiin\u021barea Academiei Rom\u00e2ne, prin inaugurarea unei expozi\u021bii care subliniaz\u0103 momentele esen\u021biale din istoria Bibliotecii Academiei. Aceast\u0103 expozi\u021bie ilustreaz\u0103 evolu\u021bia patrimoniului s\u0103u impresionant, \u00eencep\u00e2nd cu prima colec\u021bie de carte donat\u0103 \u00een 1866 \u0219i ajung\u00e2nd la actualul fond de peste 10 milioane de unit\u0103\u021bi de bibliotec\u0103. [&hellip;]<\/p>\n","protected":false},"author":2,"featured_media":15252,"comment_status":"open","ping_status":"open","sticky":false,"template":"","format":"standard","meta":{"jnews-multi-image_gallery":[],"jnews_single_post":[],"jnews_primary_category":[],"jnews_override_counter":[],"footnotes":""},"categories":[39],"tags":[15338,8350,362,17720,5810,873,277,1740],"class_list":["post-15251","post","type-post","status-publish","format-standard","has-post-thumbnail","hentry","category-stirile-zilei","tag-academia-romana","tag-biblioteca","tag-bucuresti","tag-carti-rare","tag-expozitie","tag-istorie","tag-manuscrise","tag-patrimoniu"],"_links":{"self":[{"href":"https:\/\/www.newsrecorder.ro\/app\/wp-json\/wp\/v2\/posts\/15251","targetHints":{"allow":["GET"]}}],"collection":[{"href":"https:\/\/www.newsrecorder.ro\/app\/wp-json\/wp\/v2\/posts"}],"about":[{"href":"https:\/\/www.newsrecorder.ro\/app\/wp-json\/wp\/v2\/types\/post"}],"author":[{"embeddable":true,"href":"https:\/\/www.newsrecorder.ro\/app\/wp-json\/wp\/v2\/users\/2"}],"replies":[{"embeddable":true,"href":"https:\/\/www.newsrecorder.ro\/app\/wp-json\/wp\/v2\/comments?post=15251"}],"version-history":[{"count":0,"href":"https:\/\/www.newsrecorder.ro\/app\/wp-json\/wp\/v2\/posts\/15251\/revisions"}],"wp:featuredmedia":[{"embeddable":true,"href":"https:\/\/www.newsrecorder.ro\/app\/wp-json\/wp\/v2\/media\/15252"}],"wp:attachment":[{"href":"https:\/\/www.newsrecorder.ro\/app\/wp-json\/wp\/v2\/media?parent=15251"}],"wp:term":[{"taxonomy":"category","embeddable":true,"href":"https:\/\/www.newsrecorder.ro\/app\/wp-json\/wp\/v2\/categories?post=15251"},{"taxonomy":"post_tag","embeddable":true,"href":"https:\/\/www.newsrecorder.ro\/app\/wp-json\/wp\/v2\/tags?post=15251"}],"curies":[{"name":"wp","href":"https:\/\/api.w.org\/{rel}","templated":true}]}}