{"id":15253,"date":"2026-04-22T18:21:10","date_gmt":"2026-04-22T18:21:10","guid":{"rendered":"https:\/\/www.newsrecorder.ro\/app\/2026\/04\/22\/accident-in-alba-deltaplanul-s-a-agatat-de-copac-barbat-ranit\/"},"modified":"2026-04-22T18:21:10","modified_gmt":"2026-04-22T18:21:10","slug":"accident-in-alba-deltaplanul-s-a-agatat-de-copac-barbat-ranit","status":"publish","type":"post","link":"https:\/\/www.newsrecorder.ro\/app\/2026\/04\/22\/accident-in-alba-deltaplanul-s-a-agatat-de-copac-barbat-ranit\/","title":{"rendered":"Accident \u00een Alba: Deltaplanul s-a ag\u0103\u021bat de copac, b\u0103rbat r\u0103nit!"},"content":{"rendered":"<p>\u00cen dup\u0103-amiaza zilei de miercuri, \u00een jurul orei 16:20, poli\u021bi\u0219tii din Aiud au fost alerta\u021bi printr-un apel la num\u0103rul de urgen\u021b\u0103 112 cu privire la un accident petrecut \u00een localitatea Rimetea. Se pare c\u0103 un pilot de deltaplan a avut un incident \u00een timpul zborului.<\/p>\n<p>Conform informa\u021biilor ob\u021binute \u00een urma investiga\u021biilor, b\u0103rbatul, \u00een v\u00e2rst\u0103 de 48 de ani \u0219i originar din Flore\u0219ti, jude\u021bul Cluj, a \u00eenceput un zbor liber cu un deltaplan f\u0103r\u0103 motor. Din p\u0103cate, un cablu al deltaplanului s-a ag\u0103\u021bat de un arbore, iar pilotul a suferit o c\u0103dere, rezult\u00e2nd o leziune la piciorul drept.<\/p>\n<p>\u00cen ciuda accidentului, b\u0103rbatul a ales s\u0103 nu solicite transportul la spital pentru \u00eengrijiri medicale.<\/p>\n<p>Poli\u021bia a demarat o anchet\u0103 pentru a stabili circumstan\u021bele exacte ale incidentului, av\u00e2nd \u00een vedere c\u0103 exist\u0103 suspiciuni de v\u0103t\u0103mare corporal\u0103 din culp\u0103.<\/p>\n","protected":false},"excerpt":{"rendered":"<p>\u00cen dup\u0103-amiaza zilei de miercuri, \u00een jurul orei 16:20, poli\u021bi\u0219tii din Aiud au fost alerta\u021bi printr-un apel la num\u0103rul de urgen\u021b\u0103 112 cu privire la un accident petrecut \u00een localitatea Rimetea. Se pare c\u0103 un pilot de deltaplan a avut un incident \u00een timpul zborului. Conform informa\u021biilor ob\u021binute \u00een urma investiga\u021biilor, b\u0103rbatul, \u00een v\u00e2rst\u0103 de [&hellip;]<\/p>\n","protected":false},"author":2,"featured_media":15254,"comment_status":"open","ping_status":"open","sticky":false,"template":"","format":"standard","meta":{"jnews-multi-image_gallery":[],"jnews_single_post":[],"jnews_primary_category":[],"jnews_override_counter":[],"footnotes":""},"categories":[39],"tags":[955,817,1796,17721,505,17722,14880,17723],"class_list":["post-15253","post","type-post","status-publish","format-standard","has-post-thumbnail","hentry","category-stirile-zilei","tag-accident","tag-ancheta","tag-cluj","tag-deltaplan","tag-politie","tag-rimetea","tag-vatamare-corporala","tag-zbor-liber"],"_links":{"self":[{"href":"https:\/\/www.newsrecorder.ro\/app\/wp-json\/wp\/v2\/posts\/15253","targetHints":{"allow":["GET"]}}],"collection":[{"href":"https:\/\/www.newsrecorder.ro\/app\/wp-json\/wp\/v2\/posts"}],"about":[{"href":"https:\/\/www.newsrecorder.ro\/app\/wp-json\/wp\/v2\/types\/post"}],"author":[{"embeddable":true,"href":"https:\/\/www.newsrecorder.ro\/app\/wp-json\/wp\/v2\/users\/2"}],"replies":[{"embeddable":true,"href":"https:\/\/www.newsrecorder.ro\/app\/wp-json\/wp\/v2\/comments?post=15253"}],"version-history":[{"count":0,"href":"https:\/\/www.newsrecorder.ro\/app\/wp-json\/wp\/v2\/posts\/15253\/revisions"}],"wp:featuredmedia":[{"embeddable":true,"href":"https:\/\/www.newsrecorder.ro\/app\/wp-json\/wp\/v2\/media\/15254"}],"wp:attachment":[{"href":"https:\/\/www.newsrecorder.ro\/app\/wp-json\/wp\/v2\/media?parent=15253"}],"wp:term":[{"taxonomy":"category","embeddable":true,"href":"https:\/\/www.newsrecorder.ro\/app\/wp-json\/wp\/v2\/categories?post=15253"},{"taxonomy":"post_tag","embeddable":true,"href":"https:\/\/www.newsrecorder.ro\/app\/wp-json\/wp\/v2\/tags?post=15253"}],"curies":[{"name":"wp","href":"https:\/\/api.w.org\/{rel}","templated":true}]}}