{"id":15257,"date":"2026-04-22T18:43:54","date_gmt":"2026-04-22T18:43:54","guid":{"rendered":"https:\/\/www.newsrecorder.ro\/app\/2026\/04\/22\/atac-dur-al-unei-deputate-grecesti-la-adresa-lui-kovesi-si-romaniei\/"},"modified":"2026-04-22T18:43:54","modified_gmt":"2026-04-22T18:43:54","slug":"atac-dur-al-unei-deputate-grecesti-la-adresa-lui-kovesi-si-romaniei","status":"publish","type":"post","link":"https:\/\/www.newsrecorder.ro\/app\/2026\/04\/22\/atac-dur-al-unei-deputate-grecesti-la-adresa-lui-kovesi-si-romaniei\/","title":{"rendered":"Atac dur al unei deputate grece\u0219ti la adresa lui Kovesi \u0219i Rom\u00e2niei!"},"content":{"rendered":"<p>Declara\u021biile au fost f\u0103cute \u00eentr-un interviu acordat postului de televiziune SKAI, \u00een diminea\u021ba zilei de miercuri, 22 aprilie, cu ocazia vizitei \u0219efei Parchetului European la ministerul de justi\u021bie din Grecia, conform <a href=\"https:\/\/www.thetoc.gr\/politiki\/article\/boultepsi-gia-kobesi-tha-ithela-kapoion-apo-ti-gallia-sti-thesi-tis---ama-pairneis-apo-ton-tsaouseskou\/\" target=\"_blank\" rel=\"noopener\">presei elene<\/a>.<\/p>\n<p>Sofia Voultepsi a lansat critici dure la adresa <a href=\"https:\/\/www.mediafax.ro\/politic\/nicusor-dan-as-inclina-sa-cred-ca-s-au-facut-abuzuri-in-timpul-mandatului-laurei-codruta-kovesi-23721346\" target=\"_blank\" rel=\"noopener\">Laurei Codru\u021ba Kovesi<\/a>, pun\u00e2nd accent pe originea sa \u0219i pe contextul sistemului judiciar din Rom\u00e2nia.<\/p>\n<p>\u201eProvine dintr-o \u021bar\u0103 care, repet, (n.r. Kovesi) nu are o tradi\u021bie de separare a puterilor \u00een stat. Din aceast\u0103 cauz\u0103, a \u00eencercat s\u0103 promoveze o reform\u0103 \u00een afara consiliului judiciar, a\u0219a cum s-a \u00eent\u00e2mplat \u00een \u021bara ei, acum c\u00e2teva zile. Mi-a\u0219 dori ca Uniunea European\u0103 s\u0103 fi desemnat un procuror din Fran\u021ba pentru acest prim parchet care a pus bazele, un procuror care \u0219tie despre Montesquieu \u0219i \u00een\u021belege c\u0103 nu se poate amesteca \u0219i s\u0103 declare c\u0103 a\u021bi \u00eenc\u0103lcat legea voastr\u0103 care prevede consiliul judiciar,\u201d a afirmat Voultepsi.<\/p>\n<p>\u00cen continuarea discursului s\u0103u, <strong>deputata a f\u0103cut referiri la perioada comunist\u0103 din Rom\u00e2nia, evoc\u00e2nd regimul lui Nicolae Ceau\u0219escu.<\/strong><\/p>\n<p>\u201eDac\u0103 ne g\u00e2ndim la Ceau\u0219escu&#8230; Aceste probleme sunt foarte recente \u00een Rom\u00e2nia \u0219i va dura mult timp p\u00e2n\u0103 c\u00e2nd se vor redresa,\u201d a ad\u0103ugat ea.<\/p>\n<p>Voultepsi a continuat s\u0103 critice, compar\u00e2nd situa\u021bia actual\u0103 din Grecia cu exemple din alte \u021b\u0103ri \u0219i expun\u00e2ndu-\u0219i viziunea asupra sistemului de justi\u021bie.<\/p>\n<p>\u201eEu nu vreau s\u0103 v\u0103d justi\u021bie de tip Ceau\u0219escu \u00een Grecia. C\u00e2nd regimul Ceau\u0219escu a c\u0103zut, existau 500.000 de securi\u0219ti (din Serviciul de Securitate al Statului), iar copiii turnau \u0219i spionau propriii p\u0103rin\u021bi \u00een casele lor. Aceste lucruri nu dispar u\u0219or. Ace\u0219ti 500.000 de securi\u0219ti s-au infiltrat undeva, au r\u0103mas \u00een umbr\u0103,\u201d a subliniat deputata.<\/p>\n<p>Aceste comentarii vin pe fondul scandalului OPEKEPE 2, care a st\u00e2rnit reac\u021bii \u00een r\u00e2ndul parlamentarilor din partidul de guvernare Noua Democra\u021bie. Interven\u021bia Sofiei Voultepsi a avut loc \u00een aceea\u0219i zi \u00een care <strong>ministrul Justi\u021biei din Grecia a declarat c\u0103 guvernul ofer\u0103 sprijin deplin Parchetului European \u0219i activit\u0103\u021bii conduse de Laura Codru\u021ba Kovesi<\/strong>.<\/p>\n","protected":false},"excerpt":{"rendered":"<p>Declara\u021biile au fost f\u0103cute \u00eentr-un interviu acordat postului de televiziune SKAI, \u00een diminea\u021ba zilei de miercuri, 22 aprilie, cu ocazia vizitei \u0219efei Parchetului European la ministerul de justi\u021bie din Grecia, conform presei elene. Sofia Voultepsi a lansat critici dure la adresa Laurei Codru\u021ba Kovesi, pun\u00e2nd accent pe originea sa \u0219i pe contextul sistemului judiciar din [&hellip;]<\/p>\n","protected":false},"author":2,"featured_media":15258,"comment_status":"open","ping_status":"open","sticky":false,"template":"","format":"standard","meta":{"jnews-multi-image_gallery":[],"jnews_single_post":[],"jnews_primary_category":[],"jnews_override_counter":[],"footnotes":""},"categories":[39],"tags":[1870,1319,17727,12254,2039,3176,17726,321],"class_list":["post-15257","post","type-post","status-publish","format-standard","has-post-thumbnail","hentry","category-stirile-zilei","tag-interviu","tag-justitie","tag-laura-codruta-kovesi","tag-parchetul-european","tag-reforma","tag-sistem-judiciar","tag-sofia-voultepsi","tag-uniunea-europeana"],"_links":{"self":[{"href":"https:\/\/www.newsrecorder.ro\/app\/wp-json\/wp\/v2\/posts\/15257","targetHints":{"allow":["GET"]}}],"collection":[{"href":"https:\/\/www.newsrecorder.ro\/app\/wp-json\/wp\/v2\/posts"}],"about":[{"href":"https:\/\/www.newsrecorder.ro\/app\/wp-json\/wp\/v2\/types\/post"}],"author":[{"embeddable":true,"href":"https:\/\/www.newsrecorder.ro\/app\/wp-json\/wp\/v2\/users\/2"}],"replies":[{"embeddable":true,"href":"https:\/\/www.newsrecorder.ro\/app\/wp-json\/wp\/v2\/comments?post=15257"}],"version-history":[{"count":0,"href":"https:\/\/www.newsrecorder.ro\/app\/wp-json\/wp\/v2\/posts\/15257\/revisions"}],"wp:featuredmedia":[{"embeddable":true,"href":"https:\/\/www.newsrecorder.ro\/app\/wp-json\/wp\/v2\/media\/15258"}],"wp:attachment":[{"href":"https:\/\/www.newsrecorder.ro\/app\/wp-json\/wp\/v2\/media?parent=15257"}],"wp:term":[{"taxonomy":"category","embeddable":true,"href":"https:\/\/www.newsrecorder.ro\/app\/wp-json\/wp\/v2\/categories?post=15257"},{"taxonomy":"post_tag","embeddable":true,"href":"https:\/\/www.newsrecorder.ro\/app\/wp-json\/wp\/v2\/tags?post=15257"}],"curies":[{"name":"wp","href":"https:\/\/api.w.org\/{rel}","templated":true}]}}