{"id":15263,"date":"2026-04-22T19:10:13","date_gmt":"2026-04-22T19:10:13","guid":{"rendered":"https:\/\/www.newsrecorder.ro\/app\/2026\/04\/22\/iarna-surpriza-in-aprilie-anm-prognozeaza-vreme-rece-in-bucuresti\/"},"modified":"2026-04-22T19:10:13","modified_gmt":"2026-04-22T19:10:13","slug":"iarna-surpriza-in-aprilie-anm-prognozeaza-vreme-rece-in-bucuresti","status":"publish","type":"post","link":"https:\/\/www.newsrecorder.ro\/app\/2026\/04\/22\/iarna-surpriza-in-aprilie-anm-prognozeaza-vreme-rece-in-bucuresti\/","title":{"rendered":"Iarn\u0103 surpriz\u0103 \u00een aprilie: ANM prognozeaz\u0103 vreme rece \u00een Bucure\u0219ti!"},"content":{"rendered":"<p class=\"font-claude-response-body break-words whitespace-normal leading-[1.7]\">Luni dup\u0103-amiaza, cerul din Bucure\u0219ti \u00eencepe s\u0103 se acopere treptat, anticip\u00e2nd o sear\u0103 \u00een care pot ap\u0103rea <a href=\"https:\/\/www.mediafax.ro\/meteo\/ploi-ninsori-la-munte-si-vant-puternic-anm-anunta-trei-zile-de-vreme-rea-in-romania-23722786\">ploi slabe \u0219i trec\u0103toare<\/a>. V\u00e2ntul devine mai intens \u00een a doua parte a zilei, cu rafale de 40\u201350 km\/h. Temperaturile maxime vor atinge valori cuprinse \u00eentre 21 \u0219i 23 de grade, \u00een timp ce minimele vor sc\u0103dea la 6\u20138 grade.<\/p>\n<p class=\"font-claude-response-body break-words whitespace-normal leading-[1.7]\">\u00cen ceea ce prive\u0219te prognoza meteo pentru mar\u021bi, se a\u0219teapt\u0103 o r\u0103cire brusc\u0103 \u0219i precipita\u021bii. Temperatura maxim\u0103 va sc\u0103dea semnificativ, ajung\u00e2nd la 14 \u2013 15 grade, sub mediile multianuale specifice acestei perioade.<\/p>\n<p class=\"font-claude-response-body break-words whitespace-normal leading-[1.7]\">Cerul va fi predominant noros, iar temporar sunt a\u0219teptate ploi cu acumul\u0103ri de 5 \u2013 10 l\/mp. V\u00e2ntul va sufla moderat, cu viteze de 35 \u2013 40 km\/h, iar minima nocturn\u0103 va cobor\u00ee la 4 \u2013 5 grade.<\/p>\n<p class=\"font-claude-response-body break-words whitespace-normal leading-[1.7]\">Miercuri, vremea va continua s\u0103 fie rece, o situa\u021bie neobi\u0219nuit\u0103 pentru ultima decad\u0103 a lunii aprilie. Maximele nu vor dep\u0103\u0219i 12 \u2013 13 grade, iar cerul va fi \u00eennorat, cu posibile ploi slabe \u0219i trec\u0103toare pe parcursul zilei.<\/p>\n<p class=\"font-claude-response-body break-words whitespace-normal leading-[1.7]\">Intensitatea v\u00e2ntului va sc\u0103dea, iar noaptea, temperaturile vor cobor\u00ee \u00eentre 1 \u0219i 4 grade. Exist\u0103 posibilitatea de brum\u0103 \u00een anumite zone.<\/p>\n<p class=\"font-claude-response-body break-words whitespace-normal leading-[1.7]\"><a href=\"https:\/\/www.meteoromania.ro\/\" target=\"_blank\" rel=\"noopener\">Administra\u021bia Na\u021bional\u0103 de Meteorologie (ANM)<\/a> a emis o informare meteorologic\u0103 pentru Bucure\u0219ti, care semnaleaz\u0103 o r\u0103cire accentuat\u0103 \u0219i intensific\u0103ri ale v\u00e2ntului. Aceast\u0103 informare va fi valabil\u0103 de la 20 aprilie, ora 10:00, p\u00e2n\u0103 pe 23 aprilie, ora 10:00.<\/p>\n","protected":false},"excerpt":{"rendered":"<p>Luni dup\u0103-amiaza, cerul din Bucure\u0219ti \u00eencepe s\u0103 se acopere treptat, anticip\u00e2nd o sear\u0103 \u00een care pot ap\u0103rea ploi slabe \u0219i trec\u0103toare. V\u00e2ntul devine mai intens \u00een a doua parte a zilei, cu rafale de 40\u201350 km\/h. Temperaturile maxime vor atinge valori cuprinse \u00eentre 21 \u0219i 23 de grade, \u00een timp ce minimele vor sc\u0103dea la [&hellip;]<\/p>\n","protected":false},"author":5,"featured_media":15264,"comment_status":"open","ping_status":"open","sticky":false,"template":"","format":"standard","meta":{"jnews-multi-image_gallery":[],"jnews_single_post":[],"jnews_primary_category":[],"jnews_override_counter":[],"footnotes":""},"categories":[45],"tags":[1375,362,12471,141,1155,126,137,2343],"class_list":["post-15263","post","type-post","status-publish","format-standard","has-post-thumbnail","hentry","category-meteo","tag-aprilie","tag-bucuresti","tag-ploi","tag-prognoza-meteo","tag-racire","tag-temperaturi","tag-vant","tag-vremea"],"_links":{"self":[{"href":"https:\/\/www.newsrecorder.ro\/app\/wp-json\/wp\/v2\/posts\/15263","targetHints":{"allow":["GET"]}}],"collection":[{"href":"https:\/\/www.newsrecorder.ro\/app\/wp-json\/wp\/v2\/posts"}],"about":[{"href":"https:\/\/www.newsrecorder.ro\/app\/wp-json\/wp\/v2\/types\/post"}],"author":[{"embeddable":true,"href":"https:\/\/www.newsrecorder.ro\/app\/wp-json\/wp\/v2\/users\/5"}],"replies":[{"embeddable":true,"href":"https:\/\/www.newsrecorder.ro\/app\/wp-json\/wp\/v2\/comments?post=15263"}],"version-history":[{"count":0,"href":"https:\/\/www.newsrecorder.ro\/app\/wp-json\/wp\/v2\/posts\/15263\/revisions"}],"wp:featuredmedia":[{"embeddable":true,"href":"https:\/\/www.newsrecorder.ro\/app\/wp-json\/wp\/v2\/media\/15264"}],"wp:attachment":[{"href":"https:\/\/www.newsrecorder.ro\/app\/wp-json\/wp\/v2\/media?parent=15263"}],"wp:term":[{"taxonomy":"category","embeddable":true,"href":"https:\/\/www.newsrecorder.ro\/app\/wp-json\/wp\/v2\/categories?post=15263"},{"taxonomy":"post_tag","embeddable":true,"href":"https:\/\/www.newsrecorder.ro\/app\/wp-json\/wp\/v2\/tags?post=15263"}],"curies":[{"name":"wp","href":"https:\/\/api.w.org\/{rel}","templated":true}]}}