{"id":15313,"date":"2026-04-22T23:41:02","date_gmt":"2026-04-22T23:41:02","guid":{"rendered":"https:\/\/www.newsrecorder.ro\/app\/2026\/04\/22\/atac-aerian-israelian-cinci-palestinieni-victime-in-nordul-gaza\/"},"modified":"2026-04-22T23:41:02","modified_gmt":"2026-04-22T23:41:02","slug":"atac-aerian-israelian-cinci-palestinieni-victime-in-nordul-gaza","status":"publish","type":"post","link":"https:\/\/www.newsrecorder.ro\/app\/2026\/04\/22\/atac-aerian-israelian-cinci-palestinieni-victime-in-nordul-gaza\/","title":{"rendered":"Atac aerian israelian: Cinci palestinieni, victime \u00een nordul Gaza"},"content":{"rendered":"<p>Conform informa\u021biilor furnizate de autorit\u0103\u021bile palestiniene \u0219i Protec\u021bia Civil\u0103, un atac aerian a avut loc \u00een apropierea unei moschei din Beit Lahiya, situat\u0103 \u00een nordul F\u00e2\u0219iei Gaza, conform <a style=\"color: #0000ff\" href=\"https:\/\/www.reuters.com\/world\/middle-east\/israeli-airstrike-kills-five-palestinians-gaza-medics-say-2026-04-22\/\">Reuters<\/a>.<\/p>\n<p>\u00cen urma bombardamentului, cinci persoane au fost ucise, fiind direct afectate de explozie. P\u00e2n\u0103 \u00een prezent, armata israelian\u0103 nu a oferit nicio reac\u021bie oficial\u0103 cu privire la acest incident.<\/p>\n<p>Acest atac survine \u00eentr-un context marcat de armisti\u021biul instaurat \u00eentre Israel \u0219i Hamas \u00een luna octombrie a anului trecut. De la instaurarea acestuia, Israelul a men\u021binut controlul asupra unei vaste zone, majoritar depopulate, care acoper\u0103 peste jum\u0103tate din teritoriul F\u00e2\u0219iei Gaza.<\/p>\n<p>\u00centr-un alt incident recent, mar\u021bi, trei civili palestinieni au fost uci\u0219i de atacuri aeriene israeliene \u00een sudul F\u00e2\u0219iei Gaza. De la \u00eenceputul armisti\u021biului, num\u0103rul palestinienilor uci\u0219i a dep\u0103\u0219it 780, \u00een timp ce autorit\u0103\u021bile israeliene raporteaz\u0103 c\u0103 patru solda\u021bi au fost omor\u00e2\u021bi de c\u0103tre militan\u021bi palestinieni \u00een aceea\u0219i perioad\u0103.<\/p>\n","protected":false},"excerpt":{"rendered":"<p>Conform informa\u021biilor furnizate de autorit\u0103\u021bile palestiniene \u0219i Protec\u021bia Civil\u0103, un atac aerian a avut loc \u00een apropierea unei moschei din Beit Lahiya, situat\u0103 \u00een nordul F\u00e2\u0219iei Gaza, conform Reuters. \u00cen urma bombardamentului, cinci persoane au fost ucise, fiind direct afectate de explozie. P\u00e2n\u0103 \u00een prezent, armata israelian\u0103 nu a oferit nicio reac\u021bie oficial\u0103 cu privire [&hellip;]<\/p>\n","protected":false},"author":2,"featured_media":15314,"comment_status":"open","ping_status":"open","sticky":false,"template":"","format":"standard","meta":{"jnews-multi-image_gallery":[],"jnews_single_post":[],"jnews_primary_category":[],"jnews_override_counter":[],"footnotes":""},"categories":[41],"tags":[2209,2182,17763,673,1716,268,17764,694],"class_list":["post-15313","post","type-post","status-publish","format-standard","has-post-thumbnail","hentry","category-externe","tag-armistitiu","tag-atac-aerian","tag-beit-lahiya","tag-fasia-gaza","tag-hamas","tag-israel","tag-protectia-civila","tag-victime"],"_links":{"self":[{"href":"https:\/\/www.newsrecorder.ro\/app\/wp-json\/wp\/v2\/posts\/15313","targetHints":{"allow":["GET"]}}],"collection":[{"href":"https:\/\/www.newsrecorder.ro\/app\/wp-json\/wp\/v2\/posts"}],"about":[{"href":"https:\/\/www.newsrecorder.ro\/app\/wp-json\/wp\/v2\/types\/post"}],"author":[{"embeddable":true,"href":"https:\/\/www.newsrecorder.ro\/app\/wp-json\/wp\/v2\/users\/2"}],"replies":[{"embeddable":true,"href":"https:\/\/www.newsrecorder.ro\/app\/wp-json\/wp\/v2\/comments?post=15313"}],"version-history":[{"count":0,"href":"https:\/\/www.newsrecorder.ro\/app\/wp-json\/wp\/v2\/posts\/15313\/revisions"}],"wp:featuredmedia":[{"embeddable":true,"href":"https:\/\/www.newsrecorder.ro\/app\/wp-json\/wp\/v2\/media\/15314"}],"wp:attachment":[{"href":"https:\/\/www.newsrecorder.ro\/app\/wp-json\/wp\/v2\/media?parent=15313"}],"wp:term":[{"taxonomy":"category","embeddable":true,"href":"https:\/\/www.newsrecorder.ro\/app\/wp-json\/wp\/v2\/categories?post=15313"},{"taxonomy":"post_tag","embeddable":true,"href":"https:\/\/www.newsrecorder.ro\/app\/wp-json\/wp\/v2\/tags?post=15313"}],"curies":[{"name":"wp","href":"https:\/\/api.w.org\/{rel}","templated":true}]}}