{"id":15315,"date":"2026-04-22T23:41:20","date_gmt":"2026-04-22T23:41:20","guid":{"rendered":"https:\/\/www.newsrecorder.ro\/app\/2026\/04\/22\/planul-lui-peter-magyar-reinvie-imperiul-austro-ungar-in-europa\/"},"modified":"2026-04-22T23:41:20","modified_gmt":"2026-04-22T23:41:20","slug":"planul-lui-peter-magyar-reinvie-imperiul-austro-ungar-in-europa","status":"publish","type":"post","link":"https:\/\/www.newsrecorder.ro\/app\/2026\/04\/22\/planul-lui-peter-magyar-reinvie-imperiul-austro-ungar-in-europa\/","title":{"rendered":"Planul lui Peter Magyar: Re\u00eenvie Imperiul Austro-Ungar \u00een Europa!"},"content":{"rendered":"<p>Peter Magyar, viitorul premier al Ungariei, a subliniat importan\u021ba consolid\u0103rii cooper\u0103rii regionale, \u00een special cu Austria, considerat\u0103 un partener economic esen\u021bial. \u201eAm \u00eemp\u0103r\u021bit o \u021bar\u0103, iar Austria este un partener economic cheie al Ungariei. Vreau s\u0103 \u00eent\u0103resc rela\u021bia dintre Ungaria \u0219i Austria din motive istorice, culturale \u0219i economice,\u201d a declarat Magyar, conform publica\u021biei <a style=\"color: #0000ff\" href=\"https:\/\/www.politico.eu\/article\/peter-magyar-wants-put-austro-hungarian-empire-back-map\/?fbclid=IwY2xjawRWAbpleHRuA2FlbQIxMQBzcnRjBmFwcF9pZBAyMjIwMzkxNzg4MjAwODkyAAEef9JfsjU2FTuhWSBCPUj08s3zszrL4BmeKwCSiwWs1VRXTa8kj6HRB_3vYQc_aem_TXXHW9j1WyAG8gUD9uXu7w\">Politico<\/a>.<\/p>\n<p>Planul lui Magyar vizeaz\u0103 crearea unui bloc mai puternic \u00een Europa Central\u0103 \u00een cadrul Uniunii Europene, al\u0103turi de lideri cu viziuni similare. Premierul desemnat a propus fuziunea Grupului de la Visegrad, care include Ungaria, Polonia, Cehia \u0219i Slovacia, cu formatul Slavkov, ce reune\u0219te Austria, Cehia \u0219i Slovacia.<\/p>\n<p>\u00cen acest context, primele c\u0103l\u0103torii externe ale noului lider maghiar sunt programate s\u0103 aib\u0103 loc la Var\u0219ovia \u0219i Viena. Este de a\u0219teptat ca Magyar s\u0103 foloseasc\u0103 \u00eent\u00e2lnirea cu premierul polonez, Donald Tusk, pentru a relansa rela\u021biile \u00eentre Budapesta \u0219i Bruxelles \u0219i a facilita deblocarea fondurilor europene. O tem\u0103 central\u0103 a campaniei sale a fost tocmai dezghe\u021barea acestor fonduri.<\/p>\n<p>Magyar \u00ee\u0219i propune accesarea unor sume semnificative pentru Ungaria, inclusiv deblocarea a 18 miliarde de euro din fonduri europene, integrarea Budapestei \u00een ini\u021biativa SAFE \u0219i suspendarea sanc\u021biunilor europene, care i-ar costa \u021bara un milion de euro pe zi din cauza nerespect\u0103rii legisla\u021biei comunitare \u00een domeniul migra\u021biei. Rela\u021bia cu Austria va r\u0103m\u00e2ne un pilon esen\u021bial \u00een acest demers, av\u00e2nd \u00een vedere c\u0103 investi\u021biile austriece \u00een economia maghiar\u0103 dep\u0103\u0219esc 11,7 miliarde de euro, iar 134.000 de cet\u0103\u021beni maghiari lucreaz\u0103 \u00een Austria, ceea ce demonstreaz\u0103 interconectarea profund\u0103 a celor dou\u0103 economii.<\/p>\n<p>Totu\u0219i, ini\u021biativele lui Magyar pot fi influen\u021bate de pozi\u021biile statelor cu privire la sprijinul acordat Ucrainei. \u00cen timp ce Austria \u0219i Polonia sus\u021bin activ asisten\u021ba financiar\u0103 pentru Kiev, Magyar, de\u0219i a promis s\u0103 pun\u0103 cap\u0103t blocajului sprijinului pentru Ucraina, men\u021bine o atitudine rezervat\u0103, similar\u0103 cu cea a predecesorului s\u0103u, Viktor Orban. Al\u0103turi de Cehia \u0219i Slovacia, Ungaria a ales s\u0103 nu participe la pachetul de \u00eemprumuturi de 90 de miliarde de euro destinat Ucrainei.<\/p>\n","protected":false},"excerpt":{"rendered":"<p>Peter Magyar, viitorul premier al Ungariei, a subliniat importan\u021ba consolid\u0103rii cooper\u0103rii regionale, \u00een special cu Austria, considerat\u0103 un partener economic esen\u021bial. \u201eAm \u00eemp\u0103r\u021bit o \u021bar\u0103, iar Austria este un partener economic cheie al Ungariei. Vreau s\u0103 \u00eent\u0103resc rela\u021bia dintre Ungaria \u0219i Austria din motive istorice, culturale \u0219i economice,\u201d a declarat Magyar, conform publica\u021biei Politico. Planul [&hellip;]<\/p>\n","protected":false},"author":2,"featured_media":15316,"comment_status":"open","ping_status":"open","sticky":false,"template":"","format":"standard","meta":{"jnews-multi-image_gallery":[],"jnews_single_post":[],"jnews_primary_category":[],"jnews_override_counter":[],"footnotes":""},"categories":[41],"tags":[5151,17765,10000,17766,4748,380,17767,1924],"class_list":["post-15315","post","type-post","status-publish","format-standard","has-post-thumbnail","hentry","category-externe","tag-austria","tag-bloc-european","tag-cooperare-regionala","tag-grupul-de-la-visegrad","tag-peter-magyar","tag-politica-externa","tag-slavkov","tag-ungaria"],"_links":{"self":[{"href":"https:\/\/www.newsrecorder.ro\/app\/wp-json\/wp\/v2\/posts\/15315","targetHints":{"allow":["GET"]}}],"collection":[{"href":"https:\/\/www.newsrecorder.ro\/app\/wp-json\/wp\/v2\/posts"}],"about":[{"href":"https:\/\/www.newsrecorder.ro\/app\/wp-json\/wp\/v2\/types\/post"}],"author":[{"embeddable":true,"href":"https:\/\/www.newsrecorder.ro\/app\/wp-json\/wp\/v2\/users\/2"}],"replies":[{"embeddable":true,"href":"https:\/\/www.newsrecorder.ro\/app\/wp-json\/wp\/v2\/comments?post=15315"}],"version-history":[{"count":0,"href":"https:\/\/www.newsrecorder.ro\/app\/wp-json\/wp\/v2\/posts\/15315\/revisions"}],"wp:featuredmedia":[{"embeddable":true,"href":"https:\/\/www.newsrecorder.ro\/app\/wp-json\/wp\/v2\/media\/15316"}],"wp:attachment":[{"href":"https:\/\/www.newsrecorder.ro\/app\/wp-json\/wp\/v2\/media?parent=15315"}],"wp:term":[{"taxonomy":"category","embeddable":true,"href":"https:\/\/www.newsrecorder.ro\/app\/wp-json\/wp\/v2\/categories?post=15315"},{"taxonomy":"post_tag","embeddable":true,"href":"https:\/\/www.newsrecorder.ro\/app\/wp-json\/wp\/v2\/tags?post=15315"}],"curies":[{"name":"wp","href":"https:\/\/api.w.org\/{rel}","templated":true}]}}