{"id":15317,"date":"2026-04-22T23:41:43","date_gmt":"2026-04-22T23:41:43","guid":{"rendered":"https:\/\/www.newsrecorder.ro\/app\/2026\/04\/22\/muntenegru-pe-cale-sa-adere-la-ue-acord-in-pregatire\/"},"modified":"2026-04-22T23:41:43","modified_gmt":"2026-04-22T23:41:43","slug":"muntenegru-pe-cale-sa-adere-la-ue-acord-in-pregatire","status":"publish","type":"post","link":"https:\/\/www.newsrecorder.ro\/app\/2026\/04\/22\/muntenegru-pe-cale-sa-adere-la-ue-acord-in-pregatire\/","title":{"rendered":"Muntenegru pe cale s\u0103 adere la UE: Acord \u00een preg\u0103tire!"},"content":{"rendered":"<p>Miercuri, Muntenegru a f\u0103cut un pas semnificativ \u00een direc\u021bia ader\u0103rii la Uniunea European\u0103, conform unor oficiali europeni cita\u021bi de AFP. Aceasta dup\u0103 ce statele membre au convenit s\u0103 demareze lucr\u0103rile pentru redactarea unui tratat de aderare pentru \u021bara balcanic\u0103, conform unei informa\u021bii publicate de <a href=\"https:\/\/www.euractiv.com\/news\/montenegro-moves-one-step-closer-to-eu-membership\/\" target=\"_blank\" rel=\"noopener\">Euractiv<\/a>.<\/p>\n<p>Ambasadorii celor 27 de state membre ale Uniunii Europene au decis s\u0103 formeze un \u201egrup de lucru ad-hoc\u201d care se va ocupa de elaborarea tratatului de aderare. De\u0219i acest pas este unul tehnic, el reprezint\u0103 un moment esen\u021bial \u00een procesul de integrare, a subliniat un oficial european.<\/p>\n<p><em>\u201eSuntem \u00eencrez\u0103tori c\u0103 acest lucru va transmite un semnal puternic c\u0103 aderarea este la \u00eendem\u00e2na partenerilor de extindere\u201d,<\/em> a declarat un purt\u0103tor de cuv\u00e2nt al Ciprului, \u021bara care de\u021bine pre\u0219edin\u021bia rotativ\u0103 a UE, f\u0103c\u00e2nd referire la decizia adoptat\u0103 \u00een cadrul unei \u00eent\u00e2lniri de la Bruxelles.<\/p>\n<p>Muntenegru, \u00eempreun\u0103 cu Albania, este considerat\u0103 favorit\u0103 s\u0103 devin\u0103 prima \u021bar\u0103 care se al\u0103tur\u0103 Uniunii Europene de la admiterea Croa\u021biei \u00een 2013. P\u00e2n\u0103 acum, Podgorica a finalizat negocierile pentru 14 din cele 35 de a\u0219a-numite \u201eclustere\u201d, care sunt runde de discu\u021bii organizate pe diverse teme, de la fiscalitate la politica de mediu. Aceste progrese au alimentat speran\u021bele c\u0103 Muntenegru ar putea deveni membru al UE \u00een urm\u0103torii ani.<\/p>\n<p>Ministra Afacerilor Europene din Muntenegru, Maida Gor\u010devi\u0107, a declarat: \u201eVe\u0219ti excelente vin de la Bruxelles\u201d. \u00cen plus, ea a ad\u0103ugat c\u0103 \u00eenfiin\u021barea grupului de lucru reprezint\u0103 <em>\u201e\u00eenc\u0103 o confirmare a faptului c\u0103 suntem pe calea cea bun\u0103 pentru ca Muntenegru s\u0103 devin\u0103 cel de-al 28-lea membru al Uniunii Europene p\u00e2n\u0103 \u00een 2028\u201d<\/em>.<\/p>\n","protected":false},"excerpt":{"rendered":"<p>Miercuri, Muntenegru a f\u0103cut un pas semnificativ \u00een direc\u021bia ader\u0103rii la Uniunea European\u0103, conform unor oficiali europeni cita\u021bi de AFP. Aceasta dup\u0103 ce statele membre au convenit s\u0103 demareze lucr\u0103rile pentru redactarea unui tratat de aderare pentru \u021bara balcanic\u0103, conform unei informa\u021bii publicate de Euractiv. Ambasadorii celor 27 de state membre ale Uniunii Europene au [&hellip;]<\/p>\n","protected":false},"author":2,"featured_media":15318,"comment_status":"open","ping_status":"open","sticky":false,"template":"","format":"standard","meta":{"jnews-multi-image_gallery":[],"jnews_single_post":[],"jnews_primary_category":[],"jnews_override_counter":[],"footnotes":""},"categories":[41],"tags":[1308,17182,9049,13543,7584,7207,7334,321],"class_list":["post-15317","post","type-post","status-publish","format-standard","has-post-thumbnail","hentry","category-externe","tag-aderare","tag-balcanica","tag-cipru","tag-grup-de-lucru","tag-integrare","tag-muntenegru","tag-tratat","tag-uniunea-europeana"],"_links":{"self":[{"href":"https:\/\/www.newsrecorder.ro\/app\/wp-json\/wp\/v2\/posts\/15317","targetHints":{"allow":["GET"]}}],"collection":[{"href":"https:\/\/www.newsrecorder.ro\/app\/wp-json\/wp\/v2\/posts"}],"about":[{"href":"https:\/\/www.newsrecorder.ro\/app\/wp-json\/wp\/v2\/types\/post"}],"author":[{"embeddable":true,"href":"https:\/\/www.newsrecorder.ro\/app\/wp-json\/wp\/v2\/users\/2"}],"replies":[{"embeddable":true,"href":"https:\/\/www.newsrecorder.ro\/app\/wp-json\/wp\/v2\/comments?post=15317"}],"version-history":[{"count":0,"href":"https:\/\/www.newsrecorder.ro\/app\/wp-json\/wp\/v2\/posts\/15317\/revisions"}],"wp:featuredmedia":[{"embeddable":true,"href":"https:\/\/www.newsrecorder.ro\/app\/wp-json\/wp\/v2\/media\/15318"}],"wp:attachment":[{"href":"https:\/\/www.newsrecorder.ro\/app\/wp-json\/wp\/v2\/media?parent=15317"}],"wp:term":[{"taxonomy":"category","embeddable":true,"href":"https:\/\/www.newsrecorder.ro\/app\/wp-json\/wp\/v2\/categories?post=15317"},{"taxonomy":"post_tag","embeddable":true,"href":"https:\/\/www.newsrecorder.ro\/app\/wp-json\/wp\/v2\/tags?post=15317"}],"curies":[{"name":"wp","href":"https:\/\/api.w.org\/{rel}","templated":true}]}}