{"id":15325,"date":"2026-04-23T00:10:46","date_gmt":"2026-04-23T00:10:46","guid":{"rendered":"https:\/\/www.newsrecorder.ro\/app\/2026\/04\/23\/erdogan-anunta-relansarea-negocierilor-ucraina-rusia-in-dialog-cu-nato\/"},"modified":"2026-04-23T00:10:46","modified_gmt":"2026-04-23T00:10:46","slug":"erdogan-anunta-relansarea-negocierilor-ucraina-rusia-in-dialog-cu-nato","status":"publish","type":"post","link":"https:\/\/www.newsrecorder.ro\/app\/2026\/04\/23\/erdogan-anunta-relansarea-negocierilor-ucraina-rusia-in-dialog-cu-nato\/","title":{"rendered":"Erdogan anun\u021b\u0103 relansarea negocierilor Ucraina-Rusia, \u00een dialog cu NATO"},"content":{"rendered":"<p>Pre\u0219edintele Turciei, Recep Tayyip Erdogan, a anun\u021bat recent c\u0103 \u021bara sa depune eforturi pentru a facilita \u00eencheierea conflictului dintre Ucraina \u0219i Rusia prin intermediul negocierilor. \u00centr-un comunicat emis de pre\u0219edin\u021bia turc\u0103, Erdogan a subliniat: \u201eLucr\u0103m pentru relansarea negocierilor \u0219i ini\u021bierea unor discu\u021bii la nivel de lideri\u201d, conform informa\u021biilor furnizate de <a href=\"https:\/\/www.reuters.com\/world\/middle-east\/turkey-trying-revive-russia-ukraine-negotiations-erdogan-tells-nato-chief-2026-04-22\/\" target=\"_blank\" rel=\"noopener\">Reuters<\/a>.<\/p>\n<p>\u00cen cadrul unei \u00eent\u00e2lniri cu prim-ministrul Olandei, Mark Rutte, Erdogan a subliniat importan\u021ba men\u021binerii rela\u021biilor transatlantice, declar\u00e2nd c\u0103 acestea sunt \u201eindispensabile\u201d. Totodat\u0103, el a cerut alia\u021bilor europeni din NATO s\u0103-\u0219i asume un rol mai activ \u00een asigurarea securit\u0103\u021bii transatlantice.<\/p>\n<p>\u00centr-o discu\u021bie telefonic\u0103 ulterioar\u0103 cu pre\u0219edintele Germaniei, Frank-Walter Steinmeier, Erdogan a abordat \u0219i problemele generate de conflictul dintre Statele Unite \u0219i Iran. El a avertizat c\u0103 acest r\u0103zboi \u201e\u00eencepe s\u0103 sl\u0103beasc\u0103 Europa\u201d \u0219i a subliniat c\u0103 efectele negative ale conflictului se vor amplifica dac\u0103 marile puteri nu vor adopta \u201eabord\u0103ri orientate spre pace\u201d.<\/p>\n<p>Administra\u021bia preziden\u021bial\u0103 de la Ankara a reiterat c\u0103 Erdogan lucreaz\u0103 pentru a pune cap\u0103t r\u0103zboiului dintre Ucraina \u0219i Rusia prin negocieri, av\u00e2nd ca scop atingerea unei p\u0103ci durabile, similar cu eforturile \u00een cazul Iranului.<\/p>\n<p>De asemenea, Ucraina a solicitat Turciei s\u0103 g\u0103zduiasc\u0103 o <a href=\"https:\/\/www.mediafax.ro\/externe\/ucraina-a-cerut-turciei-sa-gazduiasca-o-intalnire-dintre-volodimir-zelenski-si-vladimir-putin-23724302\">\u00eent\u00e2lnire \u00eentre pre\u0219edintele Volodimir Zelenski \u0219i pre\u0219edintele Vladimir Putin<\/a>, \u00een vederea facilit\u0103rii dialogului dintre cele dou\u0103 p\u0103r\u021bi implicate \u00een conflict.<\/p>\n","protected":false},"excerpt":{"rendered":"<p>Pre\u0219edintele Turciei, Recep Tayyip Erdogan, a anun\u021bat recent c\u0103 \u021bara sa depune eforturi pentru a facilita \u00eencheierea conflictului dintre Ucraina \u0219i Rusia prin intermediul negocierilor. \u00centr-un comunicat emis de pre\u0219edin\u021bia turc\u0103, Erdogan a subliniat: \u201eLucr\u0103m pentru relansarea negocierilor \u0219i ini\u021bierea unor discu\u021bii la nivel de lideri\u201d, conform informa\u021biilor furnizate de Reuters. \u00cen cadrul unei \u00eent\u00e2lniri [&hellip;]<\/p>\n","protected":false},"author":2,"featured_media":15326,"comment_status":"open","ping_status":"open","sticky":false,"template":"","format":"standard","meta":{"jnews-multi-image_gallery":[],"jnews_single_post":[],"jnews_primary_category":[],"jnews_override_counter":[],"footnotes":""},"categories":[41],"tags":[2838,352,485,698,681,874,2412,682],"class_list":["post-15325","post","type-post","status-publish","format-standard","has-post-thumbnail","hentry","category-externe","tag-erdogan","tag-nato","tag-negociere","tag-relatii-transatlantice","tag-rusia","tag-securitate","tag-turcia","tag-ucraina"],"_links":{"self":[{"href":"https:\/\/www.newsrecorder.ro\/app\/wp-json\/wp\/v2\/posts\/15325","targetHints":{"allow":["GET"]}}],"collection":[{"href":"https:\/\/www.newsrecorder.ro\/app\/wp-json\/wp\/v2\/posts"}],"about":[{"href":"https:\/\/www.newsrecorder.ro\/app\/wp-json\/wp\/v2\/types\/post"}],"author":[{"embeddable":true,"href":"https:\/\/www.newsrecorder.ro\/app\/wp-json\/wp\/v2\/users\/2"}],"replies":[{"embeddable":true,"href":"https:\/\/www.newsrecorder.ro\/app\/wp-json\/wp\/v2\/comments?post=15325"}],"version-history":[{"count":0,"href":"https:\/\/www.newsrecorder.ro\/app\/wp-json\/wp\/v2\/posts\/15325\/revisions"}],"wp:featuredmedia":[{"embeddable":true,"href":"https:\/\/www.newsrecorder.ro\/app\/wp-json\/wp\/v2\/media\/15326"}],"wp:attachment":[{"href":"https:\/\/www.newsrecorder.ro\/app\/wp-json\/wp\/v2\/media?parent=15325"}],"wp:term":[{"taxonomy":"category","embeddable":true,"href":"https:\/\/www.newsrecorder.ro\/app\/wp-json\/wp\/v2\/categories?post=15325"},{"taxonomy":"post_tag","embeddable":true,"href":"https:\/\/www.newsrecorder.ro\/app\/wp-json\/wp\/v2\/tags?post=15325"}],"curies":[{"name":"wp","href":"https:\/\/api.w.org\/{rel}","templated":true}]}}