{"id":15329,"date":"2026-04-23T01:09:47","date_gmt":"2026-04-23T01:09:47","guid":{"rendered":"https:\/\/www.newsrecorder.ro\/app\/2026\/04\/23\/bolojan-romanii-sacrificiul-vostru-ne-indreapta-spre-succes\/"},"modified":"2026-04-23T01:09:47","modified_gmt":"2026-04-23T01:09:47","slug":"bolojan-romanii-sacrificiul-vostru-ne-indreapta-spre-succes","status":"publish","type":"post","link":"https:\/\/www.newsrecorder.ro\/app\/2026\/04\/23\/bolojan-romanii-sacrificiul-vostru-ne-indreapta-spre-succes\/","title":{"rendered":"Bolojan: Rom\u00e2nii, sacrificiul vostru ne \u00eendreapt\u0103 spre succes!"},"content":{"rendered":"<p>Recent, premierul a subliniat importan\u021ba corect\u0103rii unui dezechilibru semnificativ \u00een finan\u021bele publice ale Rom\u00e2niei, men\u021bion\u00e2nd c\u0103 deficitul a fost redus prin m\u0103suri concrete, dar c\u0103 situa\u021bia economic\u0103 r\u0103m\u00e2ne fragil\u0103. Ilie Bolojan a explicat c\u0103, \u00een ultimii ani, statul a cheltuit peste posibilit\u0103\u021bile sale, acumul\u00e2nd datorii costisitoare. Acum, este esen\u021bial s\u0103 se fac\u0103 o ajustare pentru a evita dependen\u021ba de \u00eemprumuturi cu costuri mari.<\/p>\n<p>Premierul a subliniat c\u0103 scopul nu este doar reducerea deficitului, ci \u0219i stabilizarea economiei \u0219i redirec\u021bionarea fondurilor c\u0103tre dezvoltare. De asemenea, el a avertizat c\u0103 procesul de ajustare este unul dificil \u0219i necesit\u0103 eforturi din partea \u00eentregii societ\u0103\u021bi. Cu toate acestea, a subliniat c\u0103 direc\u021bia \u00een care se \u00eendreapt\u0103 Rom\u00e2nia este una corect\u0103 \u0219i c\u0103 trebuie s\u0103 r\u0103m\u00e2nem consecven\u021bi \u00een aceast\u0103 abordare.<\/p>\n<p><strong>Conform datelor furnizate de Eurostat, deficitul total al Rom\u00e2niei, calculat conform metodologiei europene, a sc\u0103zut de la 9,3% \u00een 2024 la 7,9% \u00een 2025<\/strong>. Aceast\u0103 sc\u0103dere semnificativ\u0103 a fost posibil\u0103 datorit\u0103 m\u0103surilor implementate \u00een a doua parte a anului trecut, care au vizat reducerea cheltuielilor \u0219i cre\u0219terea veniturilor, precum \u0219i utilizarea fondurilor europene \u0219i ajustarea investi\u021biilor din Planul Na\u021bional de Redresare \u0219i Rezilien\u021b\u0103 (PNRR). De\u0219i Rom\u00e2nia r\u0103m\u00e2ne cu cel mai mare deficit din Uniunea European\u0103, a reu\u0219it s\u0103 realizeze cea mai mare corec\u021bie, ceea ce este un pas necesar pentru a pune finan\u021bele \u021b\u0103rii pe baze solide.<\/p>\n<p><strong>De mul\u021bi ani, Rom\u00e2nia a cheltuit mai mult dec\u00e2t \u00ee\u0219i permite, iar datoria public\u0103 a crescut constant<\/strong>. Numai \u00een acest an, dob\u00e2nzile pentru \u00eemprumuturile anterioare vor ajunge la aproximativ 60 de miliarde de lei, sum\u0103 echivalent\u0103 cu costul construc\u021biei unei autostr\u0103zi precum Autostrada Moldovei. Acest model nu mai putea continua. Acum, se ini\u021biaz\u0103 o schimbare a direc\u021biei, cu scopul de a rec\u00e2\u0219tiga controlul asupra economiei. Este necesar\u0103 o ajustare pentru a asigura c\u0103 economia nu mai depinde de datorii costisitoare, ci de investi\u021bii, munc\u0103 \u0219i competitivitate.<\/p>\n<p>Fiecare procent de reducere a deficitului, care se traduce \u00een aproximativ 20 de miliarde de lei, \u00eenseamn\u0103 nu doar mai pu\u021bini bani cheltui\u021bi pe dob\u00e2nzi, ci \u0219i mai multe fonduri disponibile pentru dezvoltare, infrastructur\u0103 \u0219i servicii publice. Cu c\u00e2t corec\u021bia este implementat\u0103 mai rapid, cu at\u00e2t se va putea relua o cre\u0219tere economic\u0103 s\u0103n\u0103toas\u0103, iar acest lucru va reflecta pozitiv asupra nivelului de trai. \u00cen acela\u0219i timp, costurile de \u00eemprumut pentru Rom\u00e2nia ar putea sc\u0103dea.<\/p>\n<p>Este o perioad\u0103 provocatoare, \u00een care eforturile trebuie s\u0103 fie \u00eemp\u0103r\u021bite \u00eentre to\u021bi cet\u0103\u021benii. <strong>Premierul a mul\u021bumit tuturor pentru r\u0103bdarea \u0219i sacrificiul de care au dat dovad\u0103, subliniind c\u0103 datele Eurostat confirm\u0103 c\u0103 direc\u021bia aleas\u0103 este cea corect\u0103<\/strong>. Economia rom\u00e2neasc\u0103 se stabilizeaz\u0103 f\u0103r\u0103 a pune o presiune suplimentar\u0103 asupra viitoarelor genera\u021bii.<\/p>\n<p>\u201eAr fi p\u0103cat s\u0103 ne \u00eentoarcem de unde am plecat,\u201d a conchis premierul pe pagina sa oficial\u0103 de Facebook.<\/p>\n","protected":false},"excerpt":{"rendered":"<p>Recent, premierul a subliniat importan\u021ba corect\u0103rii unui dezechilibru semnificativ \u00een finan\u021bele publice ale Rom\u00e2niei, men\u021bion\u00e2nd c\u0103 deficitul a fost redus prin m\u0103suri concrete, dar c\u0103 situa\u021bia economic\u0103 r\u0103m\u00e2ne fragil\u0103. Ilie Bolojan a explicat c\u0103, \u00een ultimii ani, statul a cheltuit peste posibilit\u0103\u021bile sale, acumul\u00e2nd datorii costisitoare. Acum, este esen\u021bial s\u0103 se fac\u0103 o ajustare pentru [&hellip;]<\/p>\n","protected":false},"author":4,"featured_media":15330,"comment_status":"open","ping_status":"open","sticky":false,"template":"","format":"standard","meta":{"jnews-multi-image_gallery":[],"jnews_single_post":[],"jnews_primary_category":[],"jnews_override_counter":[],"footnotes":""},"categories":[40],"tags":[17773,5414,160,1178,2673,3957,302,17774],"class_list":["post-15329","post","type-post","status-publish","format-standard","has-post-thumbnail","hentry","category-econonie","tag-ajustare-economica","tag-datorii","tag-deficit","tag-dezvoltare","tag-eurostat","tag-finante-publice","tag-ilie-bolojan","tag-romanie"],"_links":{"self":[{"href":"https:\/\/www.newsrecorder.ro\/app\/wp-json\/wp\/v2\/posts\/15329","targetHints":{"allow":["GET"]}}],"collection":[{"href":"https:\/\/www.newsrecorder.ro\/app\/wp-json\/wp\/v2\/posts"}],"about":[{"href":"https:\/\/www.newsrecorder.ro\/app\/wp-json\/wp\/v2\/types\/post"}],"author":[{"embeddable":true,"href":"https:\/\/www.newsrecorder.ro\/app\/wp-json\/wp\/v2\/users\/4"}],"replies":[{"embeddable":true,"href":"https:\/\/www.newsrecorder.ro\/app\/wp-json\/wp\/v2\/comments?post=15329"}],"version-history":[{"count":0,"href":"https:\/\/www.newsrecorder.ro\/app\/wp-json\/wp\/v2\/posts\/15329\/revisions"}],"wp:featuredmedia":[{"embeddable":true,"href":"https:\/\/www.newsrecorder.ro\/app\/wp-json\/wp\/v2\/media\/15330"}],"wp:attachment":[{"href":"https:\/\/www.newsrecorder.ro\/app\/wp-json\/wp\/v2\/media?parent=15329"}],"wp:term":[{"taxonomy":"category","embeddable":true,"href":"https:\/\/www.newsrecorder.ro\/app\/wp-json\/wp\/v2\/categories?post=15329"},{"taxonomy":"post_tag","embeddable":true,"href":"https:\/\/www.newsrecorder.ro\/app\/wp-json\/wp\/v2\/tags?post=15329"}],"curies":[{"name":"wp","href":"https:\/\/api.w.org\/{rel}","templated":true}]}}