{"id":15331,"date":"2026-04-23T01:10:10","date_gmt":"2026-04-23T01:10:10","guid":{"rendered":"https:\/\/www.newsrecorder.ro\/app\/2026\/04\/23\/oana-gheorghiu-remin-sa-in-insolventa-de-17-ani-sub-controlul-statului\/"},"modified":"2026-04-23T01:10:10","modified_gmt":"2026-04-23T01:10:10","slug":"oana-gheorghiu-remin-sa-in-insolventa-de-17-ani-sub-controlul-statului","status":"publish","type":"post","link":"https:\/\/www.newsrecorder.ro\/app\/2026\/04\/23\/oana-gheorghiu-remin-sa-in-insolventa-de-17-ani-sub-controlul-statului\/","title":{"rendered":"Oana Gheorghiu: \u201eREMIN SA, \u00een insolven\u021b\u0103 de 17 ani, sub controlul statului\u201d"},"content":{"rendered":"<p>Oana Gheorghiu, vicepremierul Rom\u00e2niei, a adus \u00een aten\u021bia publicului situa\u021bia critic\u0103 a companiei REMIN SA, care se afl\u0103 \u00een insolven\u021b\u0103 de 17 ani. Aceast\u0103 entitate, de\u021binut\u0103 \u00een totalitate de statul rom\u00e2n, a fost administrat\u0103 de oameni numi\u021bi de guvern, dar nu a reu\u0219it s\u0103 elaboreze un plan de reorganizare eficient, iar activitatea economic\u0103 a fost complet absent\u0103. Gheorghiu a punctat aceste aspecte \u00eentr-o postare pe Facebook, subliniind lipsa de decizii clare, inclusiv orice indica\u021bie de \u00eenchidere a companiei.<\/p>\n<p>Vicepremierul a eviden\u021biat c\u0103 REMIN nu mai activeaz\u0103 \u00een domeniul minier din 2007, iar \u00een prezent datoriile companiei ating suma de 597 de milioane de lei. \u00cen plus, activul net este negativ, dep\u0103\u0219ind 370 de milioane de lei, iar \u00een conturile companiei exist\u0103 doar 129 de milioane de lei. De\u0219i un profit de 7,45 milioane de lei a fost raportat, acesta nu provine din activit\u0103\u021bi de minerit, ci din v\u00e2nzarea activelor \u0219i din contracte de conservare, pl\u0103tite din fonduri publice. \u201eCompania nu produce valoare, ci doar consum\u0103 ceea ce a mai r\u0103mas\u201d, a ad\u0103ugat Gheorghiu.<\/p>\n<p>De\u0219i legisla\u021bia insolven\u021bei prevede falimentul \u00een cazul unui activ net negativ, situa\u021bia REMIN a dus la o cre\u0219tere continu\u0103 a datoriilor, iar procedura de insolven\u021b\u0103 a fost prelungit\u0103 \u00een mod repetat. Gheorghiu a subliniat conflictul de interese, \u00een care statul rom\u00e2n ac\u021bioneaz\u0103 at\u00e2t ca proprietar, prin Ministerul Economiei, c\u00e2t \u0219i ca creditor majoritar, prin Autoritatea pentru Administrarea Activelor Statului, care controleaz\u0103 peste 80% din crean\u021be.<\/p>\n<p>\u201eStatul se afl\u0103 \u00eentr-o situa\u021bie paradoxal\u0103, negociind cu sine \u00eensu\u0219i. De 17 ani, se solicit\u0103 \u00een instan\u021b\u0103 prelungirea insolven\u021bei. Dosarul a fost mutat de la Maramure\u0219 la Timi\u0219oara, la o distan\u021b\u0103 de 400 km, f\u0103r\u0103 a se contura un plan viabil. \u00cen 2013, administratorul special a fost atacat fizic, iar \u00een 2022, REMIN a c\u0103utat un investitor strategic, c\u00e2\u0219tig\u00e2nd Vast Resources din Marea Britanie. Totu\u0219i, memorandumul nu a fost semnat, iar subsidiara local\u0103 a intrat \u0219i ea \u00een insolven\u021b\u0103\u201d, a explicat Gheorghiu.<\/p>\n<p>Pe l\u00e2ng\u0103 problemele financiare, vicepremierul a subliniat \u0219i provoc\u0103rile de mediu cu care se confrunt\u0103 REMIN, men\u021bion\u00e2nd cele 118 halde de steril, care con\u021bin peste 4,7 milioane de metri cubi, \u0219i cele 18 iazuri de decantare cu cianuri, pentru care costurile de ecologizare nu au fost estimate oficial. \u201eREMIN nu este un accident, ci rezultatul unui sistem \u00een care nimeni nu ia decizii \u0219i to\u021bi am\u00e2n\u0103 ac\u021biunile necesare\u201d, a conchis aceasta.<\/p>\n<p>\u00cen acest context, Gheorghiu a anun\u021bat c\u0103, \u00eempreun\u0103 cu Ministerul Economiei, va stabili un calendar p\u00e2n\u0103 la 15 mai pentru a realiza o evaluare independent\u0103 a iazurilor de decantare \u0219i a licen\u021belor de exploatare. Aceasta va include separarea activelor cu poten\u021bial economic de restul masei aflate \u00een insolven\u021b\u0103 \u0219i definirea unor noi indicatori pentru REMIN, care s\u0103 reflecte rolul s\u0103u real \u00een gestionarea pasivelor de mediu \u0219i protejarea activelor strategice.<\/p>\n<p>De asemenea, p\u00e2n\u0103 la 31 mai 2026, evaluarea independent\u0103 va trebui s\u0103 fie contractat\u0103 cu sprijinul AAAS, iar decizia privind separarea activelor va fi oficializat\u0103 la nivel guvernamental. \u201eDac\u0103 nu ac\u021bion\u0103m acum, activele REMIN cu poten\u021bial strategic ar putea fi lichidate sub valoarea real\u0103, iar statul va r\u0103m\u00e2ne din nou creditor pasiv, pierz\u00e2nd astfel o oportunitate economic\u0103 valoroas\u0103. Este timpul s\u0103 punem cap\u0103t am\u00e2n\u0103rilor \u0219i s\u0103 lu\u0103m decizii strategice \u00een interesul rom\u00e2nilor \u0219i al Rom\u00e2niei. P\u00e2n\u0103 aici!\u201d, a \u00eencheiat vicepremierul Gheorghiu.<\/p>\n","protected":false},"excerpt":{"rendered":"<p>Oana Gheorghiu, vicepremierul Rom\u00e2niei, a adus \u00een aten\u021bia publicului situa\u021bia critic\u0103 a companiei REMIN SA, care se afl\u0103 \u00een insolven\u021b\u0103 de 17 ani. Aceast\u0103 entitate, de\u021binut\u0103 \u00een totalitate de statul rom\u00e2n, a fost administrat\u0103 de oameni numi\u021bi de guvern, dar nu a reu\u0219it s\u0103 elaboreze un plan de reorganizare eficient, iar activitatea economic\u0103 a fost [&hellip;]<\/p>\n","protected":false},"author":4,"featured_media":15332,"comment_status":"open","ping_status":"open","sticky":false,"template":"","format":"standard","meta":{"jnews-multi-image_gallery":[],"jnews_single_post":[],"jnews_primary_category":[],"jnews_override_counter":[],"footnotes":""},"categories":[40],"tags":[17777,5414,2702,8131,17775,2041,17776,16577],"class_list":["post-15331","post","type-post","status-publish","format-standard","has-post-thumbnail","hentry","category-econonie","tag-activ-net","tag-datorii","tag-insolventa","tag-minerit","tag-o","tag-oana-gheorghiu","tag-remin-sa","tag-vicepremier"],"_links":{"self":[{"href":"https:\/\/www.newsrecorder.ro\/app\/wp-json\/wp\/v2\/posts\/15331","targetHints":{"allow":["GET"]}}],"collection":[{"href":"https:\/\/www.newsrecorder.ro\/app\/wp-json\/wp\/v2\/posts"}],"about":[{"href":"https:\/\/www.newsrecorder.ro\/app\/wp-json\/wp\/v2\/types\/post"}],"author":[{"embeddable":true,"href":"https:\/\/www.newsrecorder.ro\/app\/wp-json\/wp\/v2\/users\/4"}],"replies":[{"embeddable":true,"href":"https:\/\/www.newsrecorder.ro\/app\/wp-json\/wp\/v2\/comments?post=15331"}],"version-history":[{"count":0,"href":"https:\/\/www.newsrecorder.ro\/app\/wp-json\/wp\/v2\/posts\/15331\/revisions"}],"wp:featuredmedia":[{"embeddable":true,"href":"https:\/\/www.newsrecorder.ro\/app\/wp-json\/wp\/v2\/media\/15332"}],"wp:attachment":[{"href":"https:\/\/www.newsrecorder.ro\/app\/wp-json\/wp\/v2\/media?parent=15331"}],"wp:term":[{"taxonomy":"category","embeddable":true,"href":"https:\/\/www.newsrecorder.ro\/app\/wp-json\/wp\/v2\/categories?post=15331"},{"taxonomy":"post_tag","embeddable":true,"href":"https:\/\/www.newsrecorder.ro\/app\/wp-json\/wp\/v2\/tags?post=15331"}],"curies":[{"name":"wp","href":"https:\/\/api.w.org\/{rel}","templated":true}]}}