{"id":15337,"date":"2026-04-23T01:11:05","date_gmt":"2026-04-23T01:11:05","guid":{"rendered":"https:\/\/www.newsrecorder.ro\/app\/2026\/04\/23\/deficitul-bugetar-al-romaniei-scade-semnificativ-in-2025\/"},"modified":"2026-04-23T01:11:05","modified_gmt":"2026-04-23T01:11:05","slug":"deficitul-bugetar-al-romaniei-scade-semnificativ-in-2025","status":"publish","type":"post","link":"https:\/\/www.newsrecorder.ro\/app\/2026\/04\/23\/deficitul-bugetar-al-romaniei-scade-semnificativ-in-2025\/","title":{"rendered":"Deficitul bugetar al Rom\u00e2niei scade semnificativ \u00een 2025!"},"content":{"rendered":"<p>Rezultatul recent al deficitului bugetar al Rom\u00e2niei este mai favorabil dec\u00e2t prognozele ini\u021biale ale pie\u021belor \u0219i ale institu\u021biilor interna\u021bionale, care estimau un deficit ESA \u00eentre 8,2% \u0219i 8,4% din PIB pentru anul 2025. Aceast\u0103 informa\u021bie a fost confirmat\u0103 de reprezentan\u021bii Ministerului Finan\u021belor, care subliniaz\u0103 c\u0103 evolu\u021bia pozitiv\u0103 reflect\u0103 eficien\u021ba m\u0103surilor de echilibrare bugetar\u0103 implementate \u00een a doua jum\u0103tate a anului trecut. Aceasta marcheaz\u0103, de asemenea, revenirea Rom\u00e2niei pe calea fiscal\u0103 stabilit\u0103 prin Planul Fiscal-Bugetar, \u00een conformitate cu angajamentele asumate fa\u021b\u0103 de Comisia European\u0103.<\/p>\n<p>\u201eDatele publicate ast\u0103zi de Eurostat confirm\u0103 c\u0103 Rom\u00e2nia a intrat \u00eentr-o etap\u0103 real\u0103 de corec\u021bie \u0219i maturizare fiscal-bugetar\u0103, restabilind credibilitatea necesar\u0103 pentru a reveni pe traiectoria convenit\u0103 cu partenerii europeni \u0219i pie\u021bele financiare. Dup\u0103 ani \u00een care dezechilibrele s-au acumulat rapid, \u00eencepem s\u0103 restabilim echilibrul \u00eentre dezvoltare, investi\u021bii \u0219i sustenabilitatea finan\u021belor publice. Am reu\u0219it s\u0103 reducem semnificativ deficitul f\u0103r\u0103 a opri investi\u021biile sau abandon\u00e2nd marile proiecte de modernizare ale Rom\u00e2niei. Acesta este, poate, cel mai important semnal de credibilitate pe care \u00eel putem transmite at\u00e2t cet\u0103\u021benilor, c\u00e2t \u0219i investitorilor \u0219i partenerilor europeni\u201d, a declarat Alexandru Nazare, ministrul Finan\u021belor.<\/p>\n<p>\u00cen ciuda acestor progrese, Rom\u00e2nia se afl\u0103 \u00een continuare \u00een situa\u021bia de a avea cel mai ridicat deficit bugetar din Uniunea European\u0103. Reprezentan\u021bii Ministerului Finan\u021belor subliniaz\u0103 c\u0103 datele Eurostat arat\u0103 c\u0103 Rom\u00e2nia a realizat una dintre cele mai ample corec\u021bii fiscale din ultimul an \u00een r\u00e2ndul economiilor Uniunii Europene. Spre deosebire de Rom\u00e2nia, alte state membre au \u00eenregistrat ajust\u0103ri mai moderate, cum ar fi Polonia, cu un deficit estimat la aproximativ 7,3% din PIB, Belgia cu 5,2% din PIB \u0219i Fran\u021ba cu 5,1% din PIB, \u00een timp ce Italia a efectuat o ajustare de aproximativ 0,3 puncte procentuale din PIB.<\/p>\n<p>\u201eRom\u00e2nia r\u0103m\u00e2ne totu\u0219i statul cu cel mai ridicat deficit bugetar din Uniunea European\u0103, ceea ce impune continuarea procesului de consolidare fiscal\u0103 \u0219i men\u021binerea unei discipline bugetare stricte. Deficitul mediu \u00een Uniunea European\u0103 se situeaz\u0103 \u00een jurul valorii de aproximativ 3% din PIB, semnificativ sub nivelul \u00eenregistrat de Rom\u00e2nia\u201d, se men\u021bioneaz\u0103 \u00eentr-un comunicat al Ministerului Finan\u021belor.<\/p>\n<p>Ajustarea fiscal\u0103 a fost realizat\u0103 printr-un mix de m\u0103suri care au vizat cre\u0219terea veniturilor bugetare, reducerea \u0219i eficientizarea cheltuielilor, reorganizarea finan\u021b\u0103rii investi\u021biilor \u0219i utilizarea mai eficient\u0103 a fondurilor europene. De asemenea, Ministerul Finan\u021belor a raportat c\u0103 statul a reu\u0219it s\u0103 reduc\u0103 semnificativ arieratele \u0219i obliga\u021biile restante acumulate anterior, ceea ce a permis Rom\u00e2niei s\u0103 intre \u00een 2026 \u00eentr-o pozi\u021bie fiscal\u0103 mai stabil\u0103 comparativ cu \u00eenceputul anului precedent.<\/p>\n<p>\u201eUn aspect esen\u021bial este faptul c\u0103 aceast\u0103 ajustare nu a fost realizat\u0103 prin oprirea investi\u021biilor publice. Rom\u00e2nia a men\u021binut investi\u021biile la un nivel ridicat, de 7,2% din PIB, situ\u00e2ndu-se printre cele mai mari din Uniunea European\u0103, continu\u00e2nd astfel s\u0103 sus\u021bin\u0103 dezvoltarea infrastructurii \u0219i implementarea proiectelor finan\u021bate din fonduri europene\u201d, se adaug\u0103 \u00een comunicat.<\/p>\n","protected":false},"excerpt":{"rendered":"<p>Rezultatul recent al deficitului bugetar al Rom\u00e2niei este mai favorabil dec\u00e2t prognozele ini\u021biale ale pie\u021belor \u0219i ale institu\u021biilor interna\u021bionale, care estimau un deficit ESA \u00eentre 8,2% \u0219i 8,4% din PIB pentru anul 2025. Aceast\u0103 informa\u021bie a fost confirmat\u0103 de reprezentan\u021bii Ministerului Finan\u021belor, care subliniaz\u0103 c\u0103 evolu\u021bia pozitiv\u0103 reflect\u0103 eficien\u021ba m\u0103surilor de echilibrare bugetar\u0103 implementate \u00een [&hellip;]<\/p>\n","protected":false},"author":4,"featured_media":15338,"comment_status":"open","ping_status":"open","sticky":false,"template":"","format":"standard","meta":{"jnews-multi-image_gallery":[],"jnews_single_post":[],"jnews_primary_category":[],"jnews_override_counter":[],"footnotes":""},"categories":[40],"tags":[17782,298,2673,4663,4669,1461,17783,149],"class_list":["post-15337","post","type-post","status-publish","format-standard","has-post-thumbnail","hentry","category-econonie","tag-corectie-fiscala","tag-deficit-bugetar","tag-eurostat","tag-masuri-fiscale","tag-ministerul-finantelor","tag-pib","tag-plan-fiscal-bugetar","tag-romania"],"_links":{"self":[{"href":"https:\/\/www.newsrecorder.ro\/app\/wp-json\/wp\/v2\/posts\/15337","targetHints":{"allow":["GET"]}}],"collection":[{"href":"https:\/\/www.newsrecorder.ro\/app\/wp-json\/wp\/v2\/posts"}],"about":[{"href":"https:\/\/www.newsrecorder.ro\/app\/wp-json\/wp\/v2\/types\/post"}],"author":[{"embeddable":true,"href":"https:\/\/www.newsrecorder.ro\/app\/wp-json\/wp\/v2\/users\/4"}],"replies":[{"embeddable":true,"href":"https:\/\/www.newsrecorder.ro\/app\/wp-json\/wp\/v2\/comments?post=15337"}],"version-history":[{"count":0,"href":"https:\/\/www.newsrecorder.ro\/app\/wp-json\/wp\/v2\/posts\/15337\/revisions"}],"wp:featuredmedia":[{"embeddable":true,"href":"https:\/\/www.newsrecorder.ro\/app\/wp-json\/wp\/v2\/media\/15338"}],"wp:attachment":[{"href":"https:\/\/www.newsrecorder.ro\/app\/wp-json\/wp\/v2\/media?parent=15337"}],"wp:term":[{"taxonomy":"category","embeddable":true,"href":"https:\/\/www.newsrecorder.ro\/app\/wp-json\/wp\/v2\/categories?post=15337"},{"taxonomy":"post_tag","embeddable":true,"href":"https:\/\/www.newsrecorder.ro\/app\/wp-json\/wp\/v2\/tags?post=15337"}],"curies":[{"name":"wp","href":"https:\/\/api.w.org\/{rel}","templated":true}]}}