{"id":15341,"date":"2026-04-23T01:11:44","date_gmt":"2026-04-23T01:11:44","guid":{"rendered":"https:\/\/www.newsrecorder.ro\/app\/2026\/04\/23\/virgil-popescu-propune-finantarea-drumului-expres-craiova-lugoj-in-pe\/"},"modified":"2026-04-23T01:11:44","modified_gmt":"2026-04-23T01:11:44","slug":"virgil-popescu-propune-finantarea-drumului-expres-craiova-lugoj-in-pe","status":"publish","type":"post","link":"https:\/\/www.newsrecorder.ro\/app\/2026\/04\/23\/virgil-popescu-propune-finantarea-drumului-expres-craiova-lugoj-in-pe\/","title":{"rendered":"Virgil Popescu propune finan\u021barea drumului expres Craiova\u2013Lugoj \u00een PE!"},"content":{"rendered":"<p>Europarlamentarul Virgil Popescu a f\u0103cut un anun\u021b important miercuri, dezv\u0103luind c\u0103 a depus un amendament \u00een cadrul Parlamentului European pentru a integra drumul expres Craiova\u2013Drobeta Turnu Severin\u2013Lugoj \u00een coridoarele de transport europene, cu finan\u021bare din cadrul Connecting Europe Facility pentru perioada 2028\u20132034.<\/p>\n<p>\u201eNu renun\u021b la drumul expres Craiova \u2013 Drobeta Turnu Severin \u2013 Lugoj! Am ini\u021biat un amendament pentru a-l include \u00een coridorul care leag\u0103 Marea Baltic\u0103, Marea Neagr\u0103 \u0219i Marea Egee, prin facilitatea Connecting Europe Facility, valabil pentru perioada 2028 \u2013 2034\u201d, a declarat Virgil Popescu \u00eentr-o postare pe Facebook.<\/p>\n<p>Acest amendament beneficiaz\u0103 de sprijinul altor europarlamentari rom\u00e2ni, printre care se num\u0103r\u0103 Dan Motreanu, Siegfried Mure\u0219an, Daniel Buda, Gheorghe Falc\u0103, Mircea Hava, Rare\u0219 Bogdan, Iuliu Winkler \u0219i Lorant Wincze.<\/p>\n<p>Conform lui Popescu, proiectul are ca scop crearea unei axe de transport de mare capacitate pe ruta Lugoj \u2013 Drobeta Turnu Severin \u2013 Craiova \u2013 Sofia, care este considerat\u0103 o verig\u0103 esen\u021bial\u0103 lips\u0103 \u00een infrastructura regional\u0103. \u201eAceast\u0103 ajustare va facilita finalizarea unei verigi esen\u021biale \u00een cadrul Coridorului BBA, asigur\u00e2nd o ax\u0103 continu\u0103 de mare capacitate \u00eentre vestul \u0219i sudul Rom\u00e2niei, extinz\u00e2ndu-se p\u00e2n\u0103 \u00een Bulgaria\u201d, a ad\u0103ugat acesta.<\/p>\n<p>De asemenea, europarlamentarul a subliniat importan\u021ba segmentului Lugoj \u2013 Drobeta Turnu Severin \u2013 Craiova, care va asigura conexiuni strategice \u00eentre coridorul Dun\u0103rii, zona economic\u0103 vestic\u0103 \u0219i re\u021belele din Europa Central\u0103. Proiectul are o lungime estimat\u0103 de aproximativ 215 kilometri, iar \u00een prezent se desf\u0103\u0219oar\u0103 un studiu de fezabilitate pentru ruta Lugoj \u2013 Drobeta Turnu Severin \u2013 Calafat.<\/p>\n<p>\u00cen paralel, Virgil Popescu a anun\u021bat \u0219i depunerea unui alt amendament, care vizeaz\u0103 modificarea traseului Ia\u0219i \u2013 Chi\u0219in\u0103u, propun\u00e2nd varianta Pa\u0219cani \u2013 Chi\u0219in\u0103u, astfel \u00eenc\u00e2t s\u0103 se faciliteze integrarea Republicii Moldova \u00een re\u021beaua TEN-T.<\/p>\n<p>\u201eAmendamentul pe care l-am propus, \u00eempreun\u0103 cu colegii mei europarlamentari, nu reprezint\u0103 doar o optimizare tehnic\u0103 a traseului, ci \u0219i o m\u0103sur\u0103 strategic\u0103 care valorific\u0103 investi\u021biile existente, cre\u0219te rezilien\u021ba coridorului \u0219i accelereaz\u0103 integrarea Republicii Moldova \u00een re\u021belele europene de transport\u201d, a concluzionat Popescu.<\/p>\n","protected":false},"excerpt":{"rendered":"<p>Europarlamentarul Virgil Popescu a f\u0103cut un anun\u021b important miercuri, dezv\u0103luind c\u0103 a depus un amendament \u00een cadrul Parlamentului European pentru a integra drumul expres Craiova\u2013Drobeta Turnu Severin\u2013Lugoj \u00een coridoarele de transport europene, cu finan\u021bare din cadrul Connecting Europe Facility pentru perioada 2028\u20132034. \u201eNu renun\u021b la drumul expres Craiova \u2013 Drobeta Turnu Severin \u2013 Lugoj! Am [&hellip;]<\/p>\n","protected":false},"author":4,"featured_media":15342,"comment_status":"open","ping_status":"open","sticky":false,"template":"","format":"standard","meta":{"jnews-multi-image_gallery":[],"jnews_single_post":[],"jnews_primary_category":[],"jnews_override_counter":[],"footnotes":""},"categories":[40],"tags":[8221,17785,17786,17784,458,634,17787,6021],"class_list":["post-15341","post","type-post","status-publish","format-standard","has-post-thumbnail","hentry","category-econonie","tag-amendament","tag-connecting-europe-facility","tag-coridoare-de-transport","tag-craiova-drobeta-turnu-severin-lugoj","tag-drumul-expres","tag-parlamentul-european","tag-sprijin-europarlamentari","tag-virgil-popescu"],"_links":{"self":[{"href":"https:\/\/www.newsrecorder.ro\/app\/wp-json\/wp\/v2\/posts\/15341","targetHints":{"allow":["GET"]}}],"collection":[{"href":"https:\/\/www.newsrecorder.ro\/app\/wp-json\/wp\/v2\/posts"}],"about":[{"href":"https:\/\/www.newsrecorder.ro\/app\/wp-json\/wp\/v2\/types\/post"}],"author":[{"embeddable":true,"href":"https:\/\/www.newsrecorder.ro\/app\/wp-json\/wp\/v2\/users\/4"}],"replies":[{"embeddable":true,"href":"https:\/\/www.newsrecorder.ro\/app\/wp-json\/wp\/v2\/comments?post=15341"}],"version-history":[{"count":0,"href":"https:\/\/www.newsrecorder.ro\/app\/wp-json\/wp\/v2\/posts\/15341\/revisions"}],"wp:featuredmedia":[{"embeddable":true,"href":"https:\/\/www.newsrecorder.ro\/app\/wp-json\/wp\/v2\/media\/15342"}],"wp:attachment":[{"href":"https:\/\/www.newsrecorder.ro\/app\/wp-json\/wp\/v2\/media?parent=15341"}],"wp:term":[{"taxonomy":"category","embeddable":true,"href":"https:\/\/www.newsrecorder.ro\/app\/wp-json\/wp\/v2\/categories?post=15341"},{"taxonomy":"post_tag","embeddable":true,"href":"https:\/\/www.newsrecorder.ro\/app\/wp-json\/wp\/v2\/tags?post=15341"}],"curies":[{"name":"wp","href":"https:\/\/api.w.org\/{rel}","templated":true}]}}