{"id":1535,"date":"2026-02-04T03:01:31","date_gmt":"2026-02-04T03:01:31","guid":{"rendered":"https:\/\/www.newsrecorder.ro\/app\/2026\/02\/04\/februarie-imprevizibil-avertizari-anm-despre-vremea-extrema\/"},"modified":"2026-02-04T03:01:31","modified_gmt":"2026-02-04T03:01:31","slug":"februarie-imprevizibil-avertizari-anm-despre-vremea-extrema","status":"publish","type":"post","link":"https:\/\/www.newsrecorder.ro\/app\/2026\/02\/04\/februarie-imprevizibil-avertizari-anm-despre-vremea-extrema\/","title":{"rendered":"Februarie imprevizibil: Avertiz\u0103ri ANM despre vremea extrem\u0103!"},"content":{"rendered":"<p>Administra\u021bia Na\u021bional\u0103 de Meteorologie (ANM) a realizat o analiz\u0103 detaliat\u0103 a vremii din luna februarie \u0219i a publicat-o pe re\u021belele de socializare. Meteorologii rom\u00e2ni afirm\u0103 c\u0103 \u201efebruarie poate fi o lun\u0103 a contrastelor termice\u201d, subliniind varia\u021biile semnificative de temperatur\u0103 din istoria recent\u0103.<\/p>\n<p>\u00cen ultimii ani, s-a observat o diminuare a frecven\u021bei fenomenelor de viscol \u0219i a ninsorilor, comparativ cu perioada anterioar\u0103 anului 2000. Totu\u0219i, \u00een februarie 2025, \u00eentre 16 \u0219i 19, un front sta\u021bionar rece a generat ninsori continue \u00een sudul \u021b\u0103rii, \u00een special \u00een Muntenia. Aici, stratul de z\u0103pad\u0103 a crescut constant, ating\u00e2nd valori de peste 30 cm, iar la sta\u021bia meteorologic\u0103 Bucure\u0219ti-Filaret s-au \u00eenregistrat chiar 48 cm de z\u0103pad\u0103.<\/p>\n<p>\u00cen ceea ce prive\u0219te luna februarie a anului 2026, exper\u021bii ANM au anticipat o r\u0103cire accentuat\u0103 a vremii, cauzat\u0103 de o mas\u0103 de aer foarte rece dinspre C\u00e2mpia Rus\u0103, care va afecta estul, sudul \u0219i centrul Rom\u00e2niei. P\u00e2n\u0103 \u00een jurul datei de 4 februarie, se preconizeaz\u0103 temperaturi maxime negative, iar dimine\u021bile \u0219i nop\u021bile vor fi geroase, cu minime majoritar sub -10 grade. Cele mai sc\u0103zute temperaturi sunt a\u0219teptate \u00een Moldova \u0219i \u00een depresiunile din estul Transilvaniei. Ulterior, circula\u021bia atmosferic\u0103 se va reorienta c\u0103tre vest \u0219i sud-vest, aduc\u00e2nd aer mai cald \u0219i, implicit, o cre\u0219tere a temperaturilor, mai ales \u00een regiunile vestice ale \u021b\u0103rii.<\/p>\n<p>Meteorologii au avertizat c\u0103 luna februarie poate aduce fenomene extreme, incluz\u00e2nd temperaturi foarte sc\u0103zute, v\u00e2nt puternic \u0219i precipita\u021bii. De\u0219i estim\u0103rile meteorologice s\u0103pt\u0103m\u00e2nale, bazate pe modelul ECMWF, indic\u0103 valori u\u0219or mai ridicate dec\u00e2t cele obi\u0219nuite pentru restul lunii februarie 2026 (perioada 09-23), este important de men\u021bionat c\u0103 aceste prognoze nu pot captura intervalele scurte cu fenomene extreme, cum ar fi r\u0103ciri bruste sau viscole. \u00cen acest context, februarie se prezint\u0103 ca o lun\u0103 capricioas\u0103, cu fluctua\u021bii termice semnificative.<\/p>\n<p>\u00cen analiza realizat\u0103, meteorologii au subliniat c\u0103 luna februarie 2024 a fost cea mai cald\u0103 din istoria observa\u021biilor, cu o medie na\u021bional\u0103 de +6 grade Celsius. Un moment remarcabil a fost pe 16 februarie 2024, c\u00e2nd la sta\u021bia meteorologic\u0103 P\u0103t\u00e2rlagele s-a egalat recordul de temperatur\u0103 de 26 de grade Celsius. De asemenea, au existat \u0219i ani \u00een care februarie a fost extrem de rece, cum ar fi 2003, 2005 \u0219i 2012.<\/p>\n","protected":false},"excerpt":{"rendered":"<p>Administra\u021bia Na\u021bional\u0103 de Meteorologie (ANM) a realizat o analiz\u0103 detaliat\u0103 a vremii din luna februarie \u0219i a publicat-o pe re\u021belele de socializare. Meteorologii rom\u00e2ni afirm\u0103 c\u0103 \u201efebruarie poate fi o lun\u0103 a contrastelor termice\u201d, subliniind varia\u021biile semnificative de temperatur\u0103 din istoria recent\u0103. \u00cen ultimii ani, s-a observat o diminuare a frecven\u021bei fenomenelor de viscol \u0219i [&hellip;]<\/p>\n","protected":false},"author":5,"featured_media":1536,"comment_status":"open","ping_status":"open","sticky":false,"template":"","format":"standard","meta":{"jnews-multi-image_gallery":[],"jnews_single_post":[],"jnews_primary_category":[],"jnews_override_counter":[],"footnotes":""},"categories":[45],"tags":[150,1454,133,127,149,122,126,1142],"class_list":["post-1535","post","type-post","status-publish","format-standard","has-post-thumbnail","hentry","category-meteo","tag-anm","tag-februarie","tag-meteorologie","tag-ninsori","tag-romania","tag-strat-de-zapada","tag-temperaturi","tag-viscol"],"_links":{"self":[{"href":"https:\/\/www.newsrecorder.ro\/app\/wp-json\/wp\/v2\/posts\/1535","targetHints":{"allow":["GET"]}}],"collection":[{"href":"https:\/\/www.newsrecorder.ro\/app\/wp-json\/wp\/v2\/posts"}],"about":[{"href":"https:\/\/www.newsrecorder.ro\/app\/wp-json\/wp\/v2\/types\/post"}],"author":[{"embeddable":true,"href":"https:\/\/www.newsrecorder.ro\/app\/wp-json\/wp\/v2\/users\/5"}],"replies":[{"embeddable":true,"href":"https:\/\/www.newsrecorder.ro\/app\/wp-json\/wp\/v2\/comments?post=1535"}],"version-history":[{"count":0,"href":"https:\/\/www.newsrecorder.ro\/app\/wp-json\/wp\/v2\/posts\/1535\/revisions"}],"wp:featuredmedia":[{"embeddable":true,"href":"https:\/\/www.newsrecorder.ro\/app\/wp-json\/wp\/v2\/media\/1536"}],"wp:attachment":[{"href":"https:\/\/www.newsrecorder.ro\/app\/wp-json\/wp\/v2\/media?parent=1535"}],"wp:term":[{"taxonomy":"category","embeddable":true,"href":"https:\/\/www.newsrecorder.ro\/app\/wp-json\/wp\/v2\/categories?post=1535"},{"taxonomy":"post_tag","embeddable":true,"href":"https:\/\/www.newsrecorder.ro\/app\/wp-json\/wp\/v2\/tags?post=1535"}],"curies":[{"name":"wp","href":"https:\/\/api.w.org\/{rel}","templated":true}]}}