{"id":15351,"date":"2026-04-23T03:00:54","date_gmt":"2026-04-23T03:00:54","guid":{"rendered":"https:\/\/www.newsrecorder.ro\/app\/2026\/04\/23\/diana-buzoianu-parteneriat-responsabil-cu-nicusor-dan-pentru-reforme\/"},"modified":"2026-04-23T03:00:54","modified_gmt":"2026-04-23T03:00:54","slug":"diana-buzoianu-parteneriat-responsabil-cu-nicusor-dan-pentru-reforme","status":"publish","type":"post","link":"https:\/\/www.newsrecorder.ro\/app\/2026\/04\/23\/diana-buzoianu-parteneriat-responsabil-cu-nicusor-dan-pentru-reforme\/","title":{"rendered":"Diana Buzoianu: Parteneriat responsabil cu Nicu\u0219or Dan pentru reforme!"},"content":{"rendered":"<p>Ast\u0103zi, la Palatul Cotroceni, delega\u021bia USR a avut discu\u021bii cu Pre\u0219edintele Nicu\u0219or Dan, unde a fost reafirmat\u0103 pozi\u021bia forma\u021biunii: \u201eSuntem parteneri responsabili care ne angaj\u0103m s\u0103 continu\u0103m reformele at\u00e2ta timp c\u00e2t acestea pot fi implementate din Guvern\u201d, a subliniat Diana Buzoianu pe pagina sa de Facebook.<\/p>\n<p>\u00cen contextul actual, Ministrul Mediului a criticat \u201ejocurile politice de culise\u201d \u0219i a tras un semnal de alarm\u0103, avertiz\u00e2nd c\u0103 Rom\u00e2nia se confrunt\u0103 cu riscuri economice semnificative din cauza circumstan\u021belor geopolitice volatile. \u201eRom\u00e2nia nu mai are timp de pierdut \u00een jocuri politice de culise. Travers\u0103m un context interna\u021bional extrem de fragil, unde criza geopolitic\u0103 de la grani\u021bele noastre poate degenera \u00eentr-o criz\u0103 economic\u0103 profund\u0103, resim\u021bit\u0103 \u00een buzunarul fiec\u0103rui rom\u00e2n\u201d, a declarat ministrul USR.<\/p>\n<p>Dup\u0103 consult\u0103rile avute cu pre\u0219edintele Rom\u00e2niei, Nicu\u0219or Dan, liderul USR, Dominic Fritz, a anun\u021bat c\u0103 forma\u021biunea va r\u0103m\u00e2ne \u00een continuare parte a guvernului, sus\u021bin\u00e2ndu-l pe premierul Ilie Bolojan. \u201eL-am asigurat c\u0103 \u00eel sus\u021binem pe premierul Ilie Bolojan \u0219i am afirmat c\u0103 vom continua prezen\u021ba noastr\u0103 \u00een acest guvern\u201d, a declarat <a style=\"color: #0000ff\" href=\"https:\/\/www.mediafax.ro\/politic\/dominic-fritz-dupa-consultarile-cu-presedintele-l-am-asigurat-ca-il-sustinem-pe-premierul-ilie-bolojan-23724764\">Fritz<\/a>.<\/p>\n<p>Aceste declara\u021bii vin pe fondul unei consult\u0103ri interne din cadrul Partidului Social Democrat, care a votat pentru retragerea sprijinului politic acordat premierului. Rezultatul a fost cov\u00e2r\u0219itor, cu 97.7% dintre social-democra\u021bi consider\u00e2nd c\u0103 Ilie Bolojan nu mai merit\u0103 sus\u021binerea.<\/p>\n<p>Ca reac\u021bie la aceast\u0103 decizie, pre\u0219edintele <a style=\"color: #0000ff\" href=\"https:\/\/www.mediafax.ro\/politic\/nicusor-dan-dupa-consultari-cu-partidele-in-orice-formula-vom-avea-nevoie-de-dialog-intre-fortele-politice-pro-occidentale-23724776\">Nicu\u0219or Dan<\/a> a organizat consult\u0103ri la Palatul Cotroceni, subliniind c\u0103 \u201esuntem evident \u00eentr-o criz\u0103 politic\u0103. Aceast\u0103 criz\u0103 nu a \u00eenceput azi. \u00cen orice formul\u0103 politic\u0103 majoritar\u0103 sau minoritar\u0103, va fi esen\u021bial s\u0103 avem un dialog \u00eentre for\u021bele politice pro-occidentale\u201d.<\/p>\n","protected":false},"excerpt":{"rendered":"<p>Ast\u0103zi, la Palatul Cotroceni, delega\u021bia USR a avut discu\u021bii cu Pre\u0219edintele Nicu\u0219or Dan, unde a fost reafirmat\u0103 pozi\u021bia forma\u021biunii: \u201eSuntem parteneri responsabili care ne angaj\u0103m s\u0103 continu\u0103m reformele at\u00e2ta timp c\u00e2t acestea pot fi implementate din Guvern\u201d, a subliniat Diana Buzoianu pe pagina sa de Facebook. \u00cen contextul actual, Ministrul Mediului a criticat \u201ejocurile politice [&hellip;]<\/p>\n","protected":false},"author":2,"featured_media":15352,"comment_status":"open","ping_status":"open","sticky":false,"template":"","format":"standard","meta":{"jnews-multi-image_gallery":[],"jnews_single_post":[],"jnews_primary_category":[],"jnews_override_counter":[],"footnotes":""},"categories":[42],"tags":[17795,3172,286,7454,5871,1057,17794,2823],"class_list":["post-15351","post","type-post","status-publish","format-standard","has-post-thumbnail","hentry","category-politica","tag-criza-geopolitica","tag-diana-buzoianu","tag-nicusor-dan","tag-palatul-cotroceni","tag-politici","tag-reforme","tag-risc-economic","tag-usr"],"_links":{"self":[{"href":"https:\/\/www.newsrecorder.ro\/app\/wp-json\/wp\/v2\/posts\/15351","targetHints":{"allow":["GET"]}}],"collection":[{"href":"https:\/\/www.newsrecorder.ro\/app\/wp-json\/wp\/v2\/posts"}],"about":[{"href":"https:\/\/www.newsrecorder.ro\/app\/wp-json\/wp\/v2\/types\/post"}],"author":[{"embeddable":true,"href":"https:\/\/www.newsrecorder.ro\/app\/wp-json\/wp\/v2\/users\/2"}],"replies":[{"embeddable":true,"href":"https:\/\/www.newsrecorder.ro\/app\/wp-json\/wp\/v2\/comments?post=15351"}],"version-history":[{"count":0,"href":"https:\/\/www.newsrecorder.ro\/app\/wp-json\/wp\/v2\/posts\/15351\/revisions"}],"wp:featuredmedia":[{"embeddable":true,"href":"https:\/\/www.newsrecorder.ro\/app\/wp-json\/wp\/v2\/media\/15352"}],"wp:attachment":[{"href":"https:\/\/www.newsrecorder.ro\/app\/wp-json\/wp\/v2\/media?parent=15351"}],"wp:term":[{"taxonomy":"category","embeddable":true,"href":"https:\/\/www.newsrecorder.ro\/app\/wp-json\/wp\/v2\/categories?post=15351"},{"taxonomy":"post_tag","embeddable":true,"href":"https:\/\/www.newsrecorder.ro\/app\/wp-json\/wp\/v2\/tags?post=15351"}],"curies":[{"name":"wp","href":"https:\/\/api.w.org\/{rel}","templated":true}]}}