{"id":15353,"date":"2026-04-23T03:01:24","date_gmt":"2026-04-23T03:01:24","guid":{"rendered":"https:\/\/www.newsrecorder.ro\/app\/2026\/04\/23\/tensiuni-la-cotroceni-psd-pregateste-ccr-nicusor-dan-are-plan-b\/"},"modified":"2026-04-23T03:01:24","modified_gmt":"2026-04-23T03:01:24","slug":"tensiuni-la-cotroceni-psd-pregateste-ccr-nicusor-dan-are-plan-b","status":"publish","type":"post","link":"https:\/\/www.newsrecorder.ro\/app\/2026\/04\/23\/tensiuni-la-cotroceni-psd-pregateste-ccr-nicusor-dan-are-plan-b\/","title":{"rendered":"Tensiuni la Cotroceni: PSD preg\u0103te\u0219te CCR, Nicu\u0219or Dan are plan B!"},"content":{"rendered":"<p>\u00cen cadrul unei declara\u021bii de pres\u0103, Dan a subliniat c\u0103 toate partidele politice \u0219i minorit\u0103\u021bile na\u021bionale prezente la discu\u021biile de la Cotroceni au fost clare \u00een privin\u021ba excluderii posibilit\u0103\u021bii unei colabor\u0103ri cu for\u021bele anti-occidentale, referindu-se \u00een mod special la AUR. De asemenea, fiecare forma\u021biune a exprimat disponibilitatea de a coopera pe proiectele esen\u021biale pentru Rom\u00e2nia, cum ar fi OECD, SAFE \u0219i PNRR. \u201eR\u0103m\u00e2nem calmi \u0219i vom dep\u0103\u0219i aceast\u0103 situa\u021bie,\u201d a ad\u0103ugat el.<\/p>\n<p>Mediafax a ob\u021binut informa\u021bii despre discu\u021biile care au avut loc la Cotroceni, relev\u00e2nd o serie de strategii politice \u00een contextul actual.<\/p>\n<p>PSD ar putea recurge la CCR<\/p>\n<p>Sursele Mediafax indic\u0103 faptul c\u0103 PSD nu consider\u0103 mo\u021biunea de cenzur\u0103 ca fiind prima op\u021biune, ci mai degrab\u0103 o ultim\u0103 solu\u021bie de presiune politic\u0103. Politicienii prezen\u021bi la Cotroceni au afirmat c\u0103 social-democra\u021bii nu doresc s\u0103 provoace o c\u0103dere rapid\u0103 a Guvernului prin intermediul Parlamentului, cel pu\u021bin \u00een aceast\u0103 etap\u0103.<\/p>\n<p>Se pare c\u0103 PSD ar fi dispus s\u0103 am\u00e2ne orice mo\u021biune pentru a permite continuarea discu\u021biilor cu partidele din actuala coali\u021bie. \u00cen schimb, <strong>liderul PSD, Sorin Grindeanu, a propus o sesizare rapid\u0103 la Curtea Constitu\u021bional\u0103<\/strong> imediat dup\u0103 demisia mini\u0219trilor PSD din Guvern. Scopul acestei ac\u021biuni ar fi clarificarea statutului Executivului dup\u0103 retragerea sprijinului politic al principalului partid din coali\u021bie.<\/p>\n<p><em>Este important de men\u021bionat c\u0103 \u00een prezent nu este clar dac\u0103, din punct de vedere constitu\u021bional, guvernul Bolojan trebuie s\u0103 se prezinte \u00een Parlament pentru un vot de \u00eencredere \u00een termen de 45 de zile dup\u0103 demisia mini\u0219trilor PSD.<\/em><\/p>\n<p>Mai exact, PSD ar dori ca CCR s\u0103 decid\u0103 dac\u0103 Guvernul mai dispune de legitimitate politic\u0103 \u0219i constitu\u021bional\u0103 \u00een urma schimb\u0103rii majorit\u0103\u021bii care l-a sus\u021binut. P\u00e2n\u0103 la primirea unui r\u0103spuns din partea Cur\u021bii, Rom\u00e2nia ar putea traversa o perioad\u0103 similar\u0103 cu cea a Guvernului Boc, care a avut mini\u0219tri interimari timp de luni de zile, f\u0103r\u0103 o majoritate parlamentar\u0103 clar\u0103. Un alt exemplu similar a fost \u00eenregistrat la ie\u0219irea UDMR de la guvernare, c\u00e2nd coali\u021bia PSD-PNL a \u00eenlocuit mini\u0219trii UDMR.<\/p>\n<p>Bolojan nu consider\u0103 demisia o solu\u021bie<\/p>\n<p>Conform surselor Mediafax, premierul Ilie Bolojan a comunicat \u00een cadrul discu\u021biilor de la Cotroceni c\u0103 nu inten\u021bioneaz\u0103 s\u0103 demisioneze, subliniind c\u0103 simpla schimbare a prim-ministrului nu garanteaz\u0103 solu\u021bionarea problemelor structurale ale guvern\u0103rii.<\/p>\n<p>Singurele voci care au men\u021bionat posibilitatea numirii unui premier independent au fost reprezentan\u021bii minorit\u0103\u021bilor na\u021bionale. Sursele care au participat la consult\u0103ri au men\u021bionat c\u0103 nu s-a discutat despre un tehnocrat, ci despre un premier politic independent, ca o solu\u021bie de compromis \u00eentr-o situa\u021bie de blocaj.<\/p>\n<p>\u00cen discu\u021bii, Varujan Pambuccian a sugerat, \u00eentr-o manier\u0103 colocvial\u0103, numele deputatului Ovidiu Victor Gan\u021b, reprezentant al Forumului Democrat al Germanilor din Rom\u00e2nia.<\/p>\n<p>Ultima variant\u0103, \u00een caz de e\u0219ec al negocierilor<\/p>\n<p>Nicu\u0219or Dan, primarul Capitalei, \u00ee\u0219i dore\u0219te continuarea negocierilor \u0219i sper\u0103 la o solu\u021bie din partea partidelor, dar are \u00een vedere \u0219i o ultim\u0103 variant\u0103 \u00een cazul \u00een care discu\u021biile nu vor da rezultate.<\/p>\n<p>Sursele politice indic\u0103 faptul c\u0103, \u00een absen\u021ba unui acord \u00eentre partide, \u0219eful statului ia \u00een considerare desemnarea direct\u0103 a unui premier ca ultim\u0103 solu\u021bie. Totu\u0219i, acest scenariu nu este v\u0103zut ca o op\u021biune iminent\u0103, ci ca un \u201eultim resort\u201d la care pre\u0219edintele ar recurge doar dac\u0103 negocierile e\u0219ueaz\u0103 complet.<\/p>\n<p>Potrivit acelora\u0219i surse, Nicu\u0219or Dan nu inten\u021bioneaz\u0103 s\u0103 \u00eencalce Constitu\u021bia sau s\u0103 \u00eemping\u0103 partidele c\u0103tre o solu\u021bie politic\u0103 pe care acestea nu \u0219i-o asum\u0103. Atitudinea pre\u0219edintelui va r\u0103m\u00e2ne \u201ereactiv\u0103\u201d, adapt\u00e2ndu-se strict la evolu\u021biile discu\u021biilor dintre partide.<\/p>\n","protected":false},"excerpt":{"rendered":"<p>\u00cen cadrul unei declara\u021bii de pres\u0103, Dan a subliniat c\u0103 toate partidele politice \u0219i minorit\u0103\u021bile na\u021bionale prezente la discu\u021biile de la Cotroceni au fost clare \u00een privin\u021ba excluderii posibilit\u0103\u021bii unei colabor\u0103ri cu for\u021bele anti-occidentale, referindu-se \u00een mod special la AUR. De asemenea, fiecare forma\u021biune a exprimat disponibilitatea de a coopera pe proiectele esen\u021biale pentru Rom\u00e2nia, [&hellip;]<\/p>\n","protected":false},"author":2,"featured_media":15354,"comment_status":"open","ping_status":"open","sticky":false,"template":"","format":"standard","meta":{"jnews-multi-image_gallery":[],"jnews_single_post":[],"jnews_primary_category":[],"jnews_override_counter":[],"footnotes":""},"categories":[42],"tags":[1916,297,13374,12212,8110,944,4107,300],"class_list":["post-15353","post","type-post","status-publish","format-standard","has-post-thumbnail","hentry","category-politica","tag-aur","tag-colaborare","tag-cotroceni","tag-motiune-de-cenzura","tag-oecd","tag-pnrr","tag-politica-romaneasca","tag-psd"],"_links":{"self":[{"href":"https:\/\/www.newsrecorder.ro\/app\/wp-json\/wp\/v2\/posts\/15353","targetHints":{"allow":["GET"]}}],"collection":[{"href":"https:\/\/www.newsrecorder.ro\/app\/wp-json\/wp\/v2\/posts"}],"about":[{"href":"https:\/\/www.newsrecorder.ro\/app\/wp-json\/wp\/v2\/types\/post"}],"author":[{"embeddable":true,"href":"https:\/\/www.newsrecorder.ro\/app\/wp-json\/wp\/v2\/users\/2"}],"replies":[{"embeddable":true,"href":"https:\/\/www.newsrecorder.ro\/app\/wp-json\/wp\/v2\/comments?post=15353"}],"version-history":[{"count":0,"href":"https:\/\/www.newsrecorder.ro\/app\/wp-json\/wp\/v2\/posts\/15353\/revisions"}],"wp:featuredmedia":[{"embeddable":true,"href":"https:\/\/www.newsrecorder.ro\/app\/wp-json\/wp\/v2\/media\/15354"}],"wp:attachment":[{"href":"https:\/\/www.newsrecorder.ro\/app\/wp-json\/wp\/v2\/media?parent=15353"}],"wp:term":[{"taxonomy":"category","embeddable":true,"href":"https:\/\/www.newsrecorder.ro\/app\/wp-json\/wp\/v2\/categories?post=15353"},{"taxonomy":"post_tag","embeddable":true,"href":"https:\/\/www.newsrecorder.ro\/app\/wp-json\/wp\/v2\/tags?post=15353"}],"curies":[{"name":"wp","href":"https:\/\/api.w.org\/{rel}","templated":true}]}}