{"id":15357,"date":"2026-04-23T03:02:05","date_gmt":"2026-04-23T03:02:05","guid":{"rendered":"https:\/\/www.newsrecorder.ro\/app\/2026\/04\/23\/ciucu-dezvaluie-psd-a-discutat-cu-membri-din-pnl\/"},"modified":"2026-04-23T03:02:05","modified_gmt":"2026-04-23T03:02:05","slug":"ciucu-dezvaluie-psd-a-discutat-cu-membri-din-pnl","status":"publish","type":"post","link":"https:\/\/www.newsrecorder.ro\/app\/2026\/04\/23\/ciucu-dezvaluie-psd-a-discutat-cu-membri-din-pnl\/","title":{"rendered":"Ciucu dezv\u0103luie: PSD a discutat cu membri din PNL!"},"content":{"rendered":"<p>\u00cen cadrul unei interven\u021bii televizate la Digi 24, prim-vicepre\u0219edintele PNL, Ciprian Ciucu, a fost \u00eentrebat despre posibilele discu\u021bii purtate de PSD cu membri din PNL \u00eenainte ca partidul s\u0103 retrag\u0103 sprijinul pentru premierul Ilie Bolojan. R\u0103spunsul s\u0103u a fost afirmativ: \u201eDa\u201d, a spus el, subliniind c\u0103 \u201e\u0219tim cu to\u021bii\u201d despre cine este vorba, inclusiv liderul PNL.<\/p>\n<p>De\u0219i a evitat s\u0103 ofere nume, Ciucu a men\u021bionat c\u0103 ace\u0219ti membri \u201evor s\u0103 d\u0103r\u00e2me Guvernul Bolojan\u201d. Atunci c\u00e2nd a fost \u00eentrebat dac\u0103 continu\u0103 colaborarea cu ace\u0219tia, el a declarat: \u201eMomentan ne concentr\u0103m pe guvernare. Unii poate sunt recuperabili, dar ceea ce nu s-a \u00een\u021beles este c\u0103 trebuie s\u0103 ne reg\u0103sim sufletul \u0219i s\u0103 ne schimb\u0103m. Dac\u0103 vom continua s\u0103 facem politica a\u0219a cum a procedat PSD \u0219i cum am f\u0103cut o perioad\u0103 bun\u0103 de timp, electoratul nu ne va mai sus\u021bine\u201d.<\/p>\n<p>Liberalul a fost \u00eentrebat \u0219i despre \u201ev\u00e2n\u0103toarea de voturi\u201d \u00een Parlament, la care a r\u0103spuns c\u0103 nu a \u00eenceput \u0219i a dezmin\u021bit informa\u021biile referitoare la eventuale discu\u021bii cu AUR. \u201eDin punctul meu de vedere, AUR va vota conform propriei con\u0219tiin\u021be. N-avem ce s\u0103 le oferim. Ce s\u0103 le d\u0103m? Ca s\u0103 ce?\u201d, a ad\u0103ugat el.<\/p>\n<p>\u00cen final, Ciprian Ciucu a subliniat importan\u021ba responsabilit\u0103\u021bii politice, afirm\u00e2nd: \u201eCine d\u0103r\u00e2m\u0103 guvernul, dac\u0103 se consider\u0103 un om serios sau oameni serio\u0219i, sunt datori s\u0103 pun\u0103 un alt guvern. \u00ce\u021bi faci o majoritate s\u0103 pici un guvern? F\u0103 majoritatea s\u0103-\u021bi asumi guvernarea\u201d.<\/p>\n","protected":false},"excerpt":{"rendered":"<p>\u00cen cadrul unei interven\u021bii televizate la Digi 24, prim-vicepre\u0219edintele PNL, Ciprian Ciucu, a fost \u00eentrebat despre posibilele discu\u021bii purtate de PSD cu membri din PNL \u00eenainte ca partidul s\u0103 retrag\u0103 sprijinul pentru premierul Ilie Bolojan. R\u0103spunsul s\u0103u a fost afirmativ: \u201eDa\u201d, a spus el, subliniind c\u0103 \u201e\u0219tim cu to\u021bii\u201d despre cine este vorba, inclusiv liderul [&hellip;]<\/p>\n","protected":false},"author":2,"featured_media":15358,"comment_status":"open","ping_status":"open","sticky":false,"template":"","format":"standard","meta":{"jnews-multi-image_gallery":[],"jnews_single_post":[],"jnews_primary_category":[],"jnews_override_counter":[],"footnotes":""},"categories":[42],"tags":[1044,297,5290,5642,17796,627,300,17797],"class_list":["post-15357","post","type-post","status-publish","format-standard","has-post-thumbnail","hentry","category-politica","tag-ciprian-ciucu","tag-colaborare","tag-electorat","tag-guvernul-bolojan","tag-interventie-televizata","tag-pnl","tag-psd","tag-vanatoare-de-voturi"],"_links":{"self":[{"href":"https:\/\/www.newsrecorder.ro\/app\/wp-json\/wp\/v2\/posts\/15357","targetHints":{"allow":["GET"]}}],"collection":[{"href":"https:\/\/www.newsrecorder.ro\/app\/wp-json\/wp\/v2\/posts"}],"about":[{"href":"https:\/\/www.newsrecorder.ro\/app\/wp-json\/wp\/v2\/types\/post"}],"author":[{"embeddable":true,"href":"https:\/\/www.newsrecorder.ro\/app\/wp-json\/wp\/v2\/users\/2"}],"replies":[{"embeddable":true,"href":"https:\/\/www.newsrecorder.ro\/app\/wp-json\/wp\/v2\/comments?post=15357"}],"version-history":[{"count":0,"href":"https:\/\/www.newsrecorder.ro\/app\/wp-json\/wp\/v2\/posts\/15357\/revisions"}],"wp:featuredmedia":[{"embeddable":true,"href":"https:\/\/www.newsrecorder.ro\/app\/wp-json\/wp\/v2\/media\/15358"}],"wp:attachment":[{"href":"https:\/\/www.newsrecorder.ro\/app\/wp-json\/wp\/v2\/media?parent=15357"}],"wp:term":[{"taxonomy":"category","embeddable":true,"href":"https:\/\/www.newsrecorder.ro\/app\/wp-json\/wp\/v2\/categories?post=15357"},{"taxonomy":"post_tag","embeddable":true,"href":"https:\/\/www.newsrecorder.ro\/app\/wp-json\/wp\/v2\/tags?post=15357"}],"curies":[{"name":"wp","href":"https:\/\/api.w.org\/{rel}","templated":true}]}}