{"id":15403,"date":"2026-04-23T11:43:34","date_gmt":"2026-04-23T11:43:34","guid":{"rendered":"https:\/\/www.newsrecorder.ro\/app\/2026\/04\/23\/emisarul-lui-trump-propune-italia-in-locul-iranului-la-cupa-mondiala\/"},"modified":"2026-04-23T11:43:34","modified_gmt":"2026-04-23T11:43:34","slug":"emisarul-lui-trump-propune-italia-in-locul-iranului-la-cupa-mondiala","status":"publish","type":"post","link":"https:\/\/www.newsrecorder.ro\/app\/2026\/04\/23\/emisarul-lui-trump-propune-italia-in-locul-iranului-la-cupa-mondiala\/","title":{"rendered":"Emisarul lui Trump propune: Italia \u00een locul Iranului la Cupa Mondial\u0103!"},"content":{"rendered":"<p>Propunerea de a \u00eenlocui Iranul cu Italia la Cupa Mondial\u0103 a fost avansat\u0103 de Paolo Zampolli, adres\u00e2ndu-se at\u00e2t pre\u0219edintelui FIFA, Gianni Infantino, c\u00e2t \u0219i fostului pre\u0219edinte american, Donald Trump. Zampolli a declarat: \u201eConfirm c\u0103 le-am sugerat lui Trump \u0219i Infantino ca Italia s\u0103 \u00eenlocuiasc\u0103 Iranul la Cupa Mondial\u0103. Originar din Italia, ar fi un vis s\u0103 v\u0103d echipa Azzurri la un turneu organizat \u00een SUA. Cu patru titluri, au un istoric care justific\u0103 includerea.\u201d Aceste declara\u021bii au fost f\u0103cute \u00eentr-un interviu pentru <a style=\"color: #0000ff\" href=\"https:\/\/www.ft.com\/content\/1ff3a3fd-8d46-4eb4-9b15-0b9183925c6f\">Financial Times<\/a>.<\/p>\n<p>\u00cen ceea ce prive\u0219te participarea Iranului, incertitudinile persist\u0103. De\u0219i Iranul a emis un comunicat miercuri, afirm\u00e2nd c\u0103 este preg\u0103tit pentru competi\u021bie, prezen\u021ba sa la turneu r\u0103m\u00e2ne neclar\u0103. \u00cen martie, autorit\u0103\u021bile de la Teheran anun\u021baser\u0103 c\u0103 nu vor participa la turneul final din motive de siguran\u021b\u0103, \u00een contextul tensiunilor generate de conflictul din Orientul Mijlociu, implic\u00e2nd Israel \u0219i Statele Unite.<\/p>\n<p>Conform regulamentului FIFA, forul interna\u021bional are \u201ediscre\u021bie deplin\u0103\u201d \u00een a \u00eenlocui o asocia\u021bie membr\u0103 \u00een cazul unei retrageri. Totu\u0219i, Gianni Infantino a adoptat o pozi\u021bie ferm\u0103 \u00een aceast\u0103 privin\u021b\u0103, subliniind: \u201eEchipa iranian\u0103 vine, cu siguran\u021b\u0103. Sper\u0103m ca, p\u00e2n\u0103 atunci, situa\u021bia s\u0103 fie pa\u0219nic\u0103. Asta ar ajuta cu siguran\u021b\u0103. Iranul trebuie s\u0103 vin\u0103 dac\u0103 vrea s\u0103-\u0219i reprezinte poporul. S-au calificat \u0219i ar trebui s\u0103 joace.\u201d<\/p>\n<p>Referitor la sportivii iranieni la turneul final, Donald Trump a subliniat riscurile de securitate, \u00eens\u0103 a men\u021bionat c\u0103 ace\u0219tia sunt \u201ebineveni\u021bi\u201d.<\/p>\n<p>Pe l\u00e2ng\u0103 aspectele sportive, aceast\u0103 mi\u0219care are \u0219i un impact asupra rela\u021biei dintre Trump \u0219i premierul italian Giorgia Meloni, care a suferit o deteriorare dup\u0103 atacurile lui Trump la adresa Papei. Meloni a condamnat aceste atacuri, iar Trump s-a declarat \u201e\u0219ocat\u201d de reac\u021bia sa \u0219i de comportamentul guvernului italian \u00een raport cu Washingtonul.<\/p>\n<p>Este important de men\u021bionat c\u0103 Italia a ratat pentru a treia oar\u0103 consecutiv calificarea la Cupa Mondial\u0103 de fotbal, dup\u0103 ce a fost \u00eenvins\u0103 \u00een playoff de Bosnia-Her\u021begovina. Aceast\u0103 rat\u0103 a calific\u0103rii a dus la demisia conducerii federa\u021biei na\u021bionale de fotbal, subliniind astfel dificult\u0103\u021bile cu care se confrunt\u0103 fotbalul italian \u00een prezent.<\/p>\n","protected":false},"excerpt":{"rendered":"<p>Propunerea de a \u00eenlocui Iranul cu Italia la Cupa Mondial\u0103 a fost avansat\u0103 de Paolo Zampolli, adres\u00e2ndu-se at\u00e2t pre\u0219edintelui FIFA, Gianni Infantino, c\u00e2t \u0219i fostului pre\u0219edinte american, Donald Trump. Zampolli a declarat: \u201eConfirm c\u0103 le-am sugerat lui Trump \u0219i Infantino ca Italia s\u0103 \u00eenlocuiasc\u0103 Iranul la Cupa Mondial\u0103. Originar din Italia, ar fi un vis [&hellip;]<\/p>\n","protected":false},"author":6,"featured_media":15404,"comment_status":"open","ping_status":"open","sticky":false,"template":"","format":"standard","meta":{"jnews-multi-image_gallery":[],"jnews_single_post":[],"jnews_primary_category":[],"jnews_override_counter":[],"footnotes":""},"categories":[46],"tags":[2555,31,17838,7841,913,702,2211,17837],"class_list":["post-15403","post","type-post","status-publish","format-standard","has-post-thumbnail","hentry","category-sport","tag-cupa-mondiala","tag-jnews_demo_donald-trump","tag-echipa-azzurri","tag-gianni-infantino","tag-iran","tag-italia","tag-orientul-mijlociu","tag-paolo-zampolli"],"_links":{"self":[{"href":"https:\/\/www.newsrecorder.ro\/app\/wp-json\/wp\/v2\/posts\/15403","targetHints":{"allow":["GET"]}}],"collection":[{"href":"https:\/\/www.newsrecorder.ro\/app\/wp-json\/wp\/v2\/posts"}],"about":[{"href":"https:\/\/www.newsrecorder.ro\/app\/wp-json\/wp\/v2\/types\/post"}],"author":[{"embeddable":true,"href":"https:\/\/www.newsrecorder.ro\/app\/wp-json\/wp\/v2\/users\/6"}],"replies":[{"embeddable":true,"href":"https:\/\/www.newsrecorder.ro\/app\/wp-json\/wp\/v2\/comments?post=15403"}],"version-history":[{"count":0,"href":"https:\/\/www.newsrecorder.ro\/app\/wp-json\/wp\/v2\/posts\/15403\/revisions"}],"wp:featuredmedia":[{"embeddable":true,"href":"https:\/\/www.newsrecorder.ro\/app\/wp-json\/wp\/v2\/media\/15404"}],"wp:attachment":[{"href":"https:\/\/www.newsrecorder.ro\/app\/wp-json\/wp\/v2\/media?parent=15403"}],"wp:term":[{"taxonomy":"category","embeddable":true,"href":"https:\/\/www.newsrecorder.ro\/app\/wp-json\/wp\/v2\/categories?post=15403"},{"taxonomy":"post_tag","embeddable":true,"href":"https:\/\/www.newsrecorder.ro\/app\/wp-json\/wp\/v2\/tags?post=15403"}],"curies":[{"name":"wp","href":"https:\/\/api.w.org\/{rel}","templated":true}]}}