{"id":15407,"date":"2026-04-23T11:44:16","date_gmt":"2026-04-23T11:44:16","guid":{"rendered":"https:\/\/www.newsrecorder.ro\/app\/2026\/04\/23\/liban-si-israel-negocieri-la-washington-pentru-armistitiu-cu-hezbollah\/"},"modified":"2026-04-23T11:44:16","modified_gmt":"2026-04-23T11:44:16","slug":"liban-si-israel-negocieri-la-washington-pentru-armistitiu-cu-hezbollah","status":"publish","type":"post","link":"https:\/\/www.newsrecorder.ro\/app\/2026\/04\/23\/liban-si-israel-negocieri-la-washington-pentru-armistitiu-cu-hezbollah\/","title":{"rendered":"Liban \u0219i Israel: Negocieri la Washington pentru armisti\u021biu cu Hezbollah!"},"content":{"rendered":"<p>Recent, o \u00eent\u00e2lnire deosebit de important\u0103 a avut loc \u00eentre ambasadoarea Libanului \u00een SUA, Nada Hamadeh Moawad, \u0219i omologul s\u0103u israelian, Yechiel Leiter. Aceasta reprezint\u0103 cea de-a doua rund\u0103 de discu\u021bii \u00een decurs de c\u00e2teva zile, marc\u00e2nd primele contacte directe la acest nivel \u00een ultimele trei decenii.<\/p>\n<p>\u00cen contextul acestor discu\u021bii, pre\u0219edintele Libanului, Joseph Aoun, a anun\u021bat miercuri, \u00eenainte de \u00eent\u00e2lnirile de la Washington, c\u0103 Beirutul va solicita oficial extinderea armisti\u021biului de 10 zile, care a intrat \u00een vigoare vinerea trecut\u0103. De asemenea, Libanul cere oprirea demol\u0103rilor locuin\u021belor \u00een zonele ocupate de armata israelian\u0103.<\/p>\n<p>\u201eObiectivul nostru este de a opri complet atacurile israeliene, de a asigura retragerea trupelor din Liban \u0219i de a \u00eencepe procesul de reconstruc\u021bie\u201d, a declarat administra\u021bia preziden\u021bial\u0103, conform <a href=\"https:\/\/apnews.com\/article\/lebanon-israel-hezbollah-us-talks-ceasefire-washington-e7f26e207fc7543fe1f25a5318ff9ce3\" target=\"_blank\" rel=\"noopener\">Associated Press<\/a>. \u00cen plus, Libanul \u00ee\u0219i propune s\u0103 ob\u021bin\u0103 eliberarea prizonierilor \u0219i s\u0103 pozi\u021bioneze armata libanez\u0103 de-a lungul frontierei, ca parte a unui acord mai amplu.<\/p>\n<p>Pe de alt\u0103 parte, ministrul israelian de Externe, Gideon Saar, a indicat Hezbollah ca principalul obstacol \u00een calea unei solu\u021bii durabile. \u201eNu avem dezacorduri serioase cu Libanul. Exist\u0103 doar c\u00e2teva dispute minore de frontier\u0103 care pot fi rezolvate\u201d, a afirmat Saar. \u201eObstacolul \u00een calea p\u0103cii \u0219i normaliz\u0103rii este unul singur: Hezbollah\u201d, a ad\u0103ugat el.<\/p>\n<p>Saar a subliniat necesitatea ca Libanul s\u0103 colaboreze cu Israelul pentru dezarmarea Hezbollah, afirm\u00e2nd c\u0103 f\u0103r\u0103 acest pas nu pot exista progrese reale \u00een negocieri.<\/p>\n<p>Este important de notat c\u0103 contactele directe \u00eentre Israel \u0219i Liban sunt extrem de rare, cele dou\u0103 state neav\u00e2nd rela\u021bii diplomatice \u0219i fiind oficial \u00een conflict din 1948. Ultimele discu\u021bii de acest tip au avut loc \u00een 1993, iar de atunci, comunicarea a fost \u00een principal indirect\u0103, realizat\u0103 prin intermediul Statelor Unite sau al misiunii ONU UNIFIL din sudul Libanului.<\/p>\n<p>Conflictul actual a \u00eenceput pe 2 martie, c\u00e2nd Hezbollah a lansat rachete c\u0103tre nordul Israelului. Ca r\u0103spuns, Israelul a efectuat bombardamente extinse \u0219i o ofensiv\u0103 terestr\u0103, ocup\u00e2nd mai multe localit\u0103\u021bi din sudul Libanului. \u00cen prezent, armata israelian\u0103 controleaz\u0103 o zon\u0103 tampon de p\u00e2n\u0103 la 10 kilometri \u00een interiorul teritoriului libanez, afirm\u00e2nd c\u0103 scopul este eliminarea amenin\u021b\u0103rilor la adresa nordului Israelului.<\/p>\n<p>Acest r\u0103zboi a dus la aproximativ 2.300 de decese \u00een Liban, inclusiv sute de femei \u0219i copii, \u0219i a provocat str\u0103mutarea a peste un milion de persoane. De\u0219i armisti\u021biul este \u00een vigoare, au fost raportate \u00eenc\u0103lc\u0103ri din partea ambelor p\u0103r\u021bi, iar Hezbollah a anun\u021bat c\u0103 nu va respecta eventualele acorduri rezultate din discu\u021biile directe.<\/p>\n<p>Guvernul libanez sper\u0103 ca negocierile de la Washington s\u0103 deschid\u0103 drumul pentru un acord mai amplu \u0219i, \u00een final, pentru \u00eencheierea conflictului.<\/p>\n","protected":false},"excerpt":{"rendered":"<p>Recent, o \u00eent\u00e2lnire deosebit de important\u0103 a avut loc \u00eentre ambasadoarea Libanului \u00een SUA, Nada Hamadeh Moawad, \u0219i omologul s\u0103u israelian, Yechiel Leiter. Aceasta reprezint\u0103 cea de-a doua rund\u0103 de discu\u021bii \u00een decurs de c\u00e2teva zile, marc\u00e2nd primele contacte directe la acest nivel \u00een ultimele trei decenii. \u00cen contextul acestor discu\u021bii, pre\u0219edintele Libanului, Joseph Aoun, [&hellip;]<\/p>\n","protected":false},"author":2,"featured_media":15408,"comment_status":"open","ping_status":"open","sticky":false,"template":"","format":"standard","meta":{"jnews-multi-image_gallery":[],"jnews_single_post":[],"jnews_primary_category":[],"jnews_override_counter":[],"footnotes":""},"categories":[41],"tags":[3460,2209,1084,646,268,2183,5013,570],"class_list":["post-15407","post","type-post","status-publish","format-standard","has-post-thumbnail","hentry","category-externe","tag-ambasador","tag-armistitiu","tag-atacuri","tag-discutii","tag-israel","tag-liban","tag-prizonieri","tag-reconstructie"],"_links":{"self":[{"href":"https:\/\/www.newsrecorder.ro\/app\/wp-json\/wp\/v2\/posts\/15407","targetHints":{"allow":["GET"]}}],"collection":[{"href":"https:\/\/www.newsrecorder.ro\/app\/wp-json\/wp\/v2\/posts"}],"about":[{"href":"https:\/\/www.newsrecorder.ro\/app\/wp-json\/wp\/v2\/types\/post"}],"author":[{"embeddable":true,"href":"https:\/\/www.newsrecorder.ro\/app\/wp-json\/wp\/v2\/users\/2"}],"replies":[{"embeddable":true,"href":"https:\/\/www.newsrecorder.ro\/app\/wp-json\/wp\/v2\/comments?post=15407"}],"version-history":[{"count":0,"href":"https:\/\/www.newsrecorder.ro\/app\/wp-json\/wp\/v2\/posts\/15407\/revisions"}],"wp:featuredmedia":[{"embeddable":true,"href":"https:\/\/www.newsrecorder.ro\/app\/wp-json\/wp\/v2\/media\/15408"}],"wp:attachment":[{"href":"https:\/\/www.newsrecorder.ro\/app\/wp-json\/wp\/v2\/media?parent=15407"}],"wp:term":[{"taxonomy":"category","embeddable":true,"href":"https:\/\/www.newsrecorder.ro\/app\/wp-json\/wp\/v2\/categories?post=15407"},{"taxonomy":"post_tag","embeddable":true,"href":"https:\/\/www.newsrecorder.ro\/app\/wp-json\/wp\/v2\/tags?post=15407"}],"curies":[{"name":"wp","href":"https:\/\/api.w.org\/{rel}","templated":true}]}}