{"id":15429,"date":"2026-04-23T13:37:09","date_gmt":"2026-04-23T13:37:09","guid":{"rendered":"https:\/\/www.newsrecorder.ro\/app\/2026\/04\/23\/radu-miruta-statul-roman-si-a-sabotat-santierul-naval-mangalia\/"},"modified":"2026-04-23T13:37:09","modified_gmt":"2026-04-23T13:37:09","slug":"radu-miruta-statul-roman-si-a-sabotat-santierul-naval-mangalia","status":"publish","type":"post","link":"https:\/\/www.newsrecorder.ro\/app\/2026\/04\/23\/radu-miruta-statul-roman-si-a-sabotat-santierul-naval-mangalia\/","title":{"rendered":"Radu Miru\u021b\u0103: Statul rom\u00e2n \u0219i-a sabotat \u0218antierul Naval Mangalia!"},"content":{"rendered":"<p>\u0218antierul Naval de la Mangalia-2 Mai, aflat \u00een procedura de faliment, joac\u0103 un rol crucial at\u00e2t pentru Rom\u00e2nia, c\u00e2t \u0219i pentru NATO. Acesta reprezint\u0103 cel mai mare \u0219antier din Uniunea European\u0103 situat \u00eentr-o \u021bar\u0103 membr\u0103 NATO, av\u00e2nd acces la Marea Neagr\u0103, zon\u0103 strategic\u0103 care se afl\u0103 \u00een apropierea Federa\u021biei Ruse, recunoscut\u0103 ca un risc major de c\u0103tre Rom\u00e2nia \u0219i NATO. Aceste informa\u021bii au fost prezentate de Radu Miru\u021b\u0103, ministrul Ap\u0103r\u0103rii, \u00eentr-un interviu acordat DC News.<\/p>\n<p>Ministrul a sus\u021binut c\u0103, \u00een ultimii ani, \u0219antierul naval a fost supus unui proces de sabotaj, chiar din partea statului rom\u00e2n.<\/p>\n<p>\u201eAceast\u0103 situa\u021bie are o importan\u021b\u0103 strategic\u0103. Statul rom\u00e2n, \u00een istoria sa recent\u0103, a contribuit la autosabotarea acestui \u0219antier. Am ajuns astfel \u00een situa\u021bia \u00een care valoarea de inventar a \u0219antierului era de 87 de milioane de euro, \u00een timp ce datoriile, de\u0219i contestate, se ridicau la 180 de milioane de euro\u201d, a declarat Miru\u021b\u0103.<\/p>\n<p>O posibil\u0103 solu\u021bie pentru salvarea \u0218antierului de la Mangalia ar putea veni din partea comenzilor militare. Ministrul Ap\u0103r\u0103rii a subliniat c\u0103, pentru a revitaliza activitatea \u0219antierului, ar fi necesar\u0103 o comand\u0103 suficient de mare care s\u0103 fac\u0103 loc pentru o valoare mai mare de comenzi. \u00cen acest sens, \u201eam generat o comand\u0103 pentru dou\u0103 nave de patrulare \u0219i dou\u0103 nave vedete de interven\u021bie, cu o valoare estimat\u0103 \u00eentre 760 \u0219i 770 milioane de euro\u201d, a ad\u0103ugat el.<\/p>\n<p>De asemenea, Miru\u021b\u0103 a afirmat c\u0103 statul rom\u00e2n are autoritatea de a impune condi\u021bii pentru sprijinul financiar. \u201eStatul poate s\u0103 decid\u0103: \u00ee\u021bi ofer bani, dar te condi\u021bionez s\u0103 produci aici. Este dreptul meu s\u0103 impun aceste condi\u021bii. Acesta este demersul pe care l-am ini\u021biat prin SAFE, iar \u00een zilele urm\u0103toare sper s\u0103 primim un r\u0103spuns pozitiv\u201d, a continuat ministrul.<\/p>\n<p>Cu toate acestea, ministrul a recunoscut c\u0103 \u0219antierul naval nu dispune de capacitatea necesar\u0103 pentru a produce navele \u00een \u00eentregime, ceea ce necesit\u0103 investi\u021bii suplimentare.<\/p>\n<p>\u201eSuntem \u00een discu\u021bii pentru a aloca fonduri care s\u0103 acopere par\u021bial investi\u021biile necesare. Cerem s\u0103 se construiasc\u0103 navele aici, dar cu echipamentele actuale nu este posibil. Avem op\u021biunea de a construi o versiune mai mic\u0103 a navei, ceea ce nu ar salva \u0219antierul, sau putem c\u0103uta solu\u021bii pe termen lung\u201d, a explicat Radu Miru\u021b\u0103.<\/p>\n<p>\u201eDac\u0103 reu\u0219im s\u0103 revitaliz\u0103m \u0219antierul, cur\u0103\u021b\u00e2ndu-l de problemele existente, acesta ar putea rezista \u00eenc\u0103 o genera\u021bie. Trebuie s\u0103 facem pa\u0219i pentru a-l readuce la via\u021b\u0103. Ministerul Ap\u0103r\u0103rii nu poate, \u00eens\u0103, s\u0103 rezolve toate problemele acestui \u0219antier, fiindc\u0103 nu este un simplu birou al ministerului\u201d, a concluzionat ministrul.<\/p>\n","protected":false},"excerpt":{"rendered":"<p>\u0218antierul Naval de la Mangalia-2 Mai, aflat \u00een procedura de faliment, joac\u0103 un rol crucial at\u00e2t pentru Rom\u00e2nia, c\u00e2t \u0219i pentru NATO. Acesta reprezint\u0103 cel mai mare \u0219antier din Uniunea European\u0103 situat \u00eentr-o \u021bar\u0103 membr\u0103 NATO, av\u00e2nd acces la Marea Neagr\u0103, zon\u0103 strategic\u0103 care se afl\u0103 \u00een apropierea Federa\u021biei Ruse, recunoscut\u0103 ca un risc major [&hellip;]<\/p>\n","protected":false},"author":4,"featured_media":15430,"comment_status":"open","ping_status":"open","sticky":false,"template":"","format":"standard","meta":{"jnews-multi-image_gallery":[],"jnews_single_post":[],"jnews_primary_category":[],"jnews_override_counter":[],"footnotes":""},"categories":[40],"tags":[13169,17871,14376,352,149,3331,5202,5553],"class_list":["post-15429","post","type-post","status-publish","format-standard","has-post-thumbnail","hentry","category-econonie","tag-faliment","tag-mangalia","tag-mare-neagra","tag-nato","tag-romania","tag-sabotaj","tag-santier-naval","tag-strategii"],"_links":{"self":[{"href":"https:\/\/www.newsrecorder.ro\/app\/wp-json\/wp\/v2\/posts\/15429","targetHints":{"allow":["GET"]}}],"collection":[{"href":"https:\/\/www.newsrecorder.ro\/app\/wp-json\/wp\/v2\/posts"}],"about":[{"href":"https:\/\/www.newsrecorder.ro\/app\/wp-json\/wp\/v2\/types\/post"}],"author":[{"embeddable":true,"href":"https:\/\/www.newsrecorder.ro\/app\/wp-json\/wp\/v2\/users\/4"}],"replies":[{"embeddable":true,"href":"https:\/\/www.newsrecorder.ro\/app\/wp-json\/wp\/v2\/comments?post=15429"}],"version-history":[{"count":0,"href":"https:\/\/www.newsrecorder.ro\/app\/wp-json\/wp\/v2\/posts\/15429\/revisions"}],"wp:featuredmedia":[{"embeddable":true,"href":"https:\/\/www.newsrecorder.ro\/app\/wp-json\/wp\/v2\/media\/15430"}],"wp:attachment":[{"href":"https:\/\/www.newsrecorder.ro\/app\/wp-json\/wp\/v2\/media?parent=15429"}],"wp:term":[{"taxonomy":"category","embeddable":true,"href":"https:\/\/www.newsrecorder.ro\/app\/wp-json\/wp\/v2\/categories?post=15429"},{"taxonomy":"post_tag","embeddable":true,"href":"https:\/\/www.newsrecorder.ro\/app\/wp-json\/wp\/v2\/tags?post=15429"}],"curies":[{"name":"wp","href":"https:\/\/api.w.org\/{rel}","templated":true}]}}