{"id":15443,"date":"2026-04-23T15:18:14","date_gmt":"2026-04-23T15:18:14","guid":{"rendered":"https:\/\/www.newsrecorder.ro\/app\/2026\/04\/23\/32-de-licee-vor-testa-planuri-cadru-inovatoare-in-2026-2027\/"},"modified":"2026-04-23T15:18:14","modified_gmt":"2026-04-23T15:18:14","slug":"32-de-licee-vor-testa-planuri-cadru-inovatoare-in-2026-2027","status":"publish","type":"post","link":"https:\/\/www.newsrecorder.ro\/app\/2026\/04\/23\/32-de-licee-vor-testa-planuri-cadru-inovatoare-in-2026-2027\/","title":{"rendered":"32 de licee vor testa planuri-cadru inovatoare \u00een 2026-2027!"},"content":{"rendered":"<p>Ministerul Educa\u021biei din Rom\u00e2nia a anun\u021bat joi pe platforma Facebook c\u0103 ministrul Mihai Dimian a aprobat un ordin care permite 32 de licee din \u021bar\u0103 s\u0103 implementeze planuri-cadru alternative \u00eencep\u00e2nd cu anul \u0219colar 2026-2027.<\/p>\n<p>Conform declara\u021biilor oficiale, aceast\u0103 m\u0103sur\u0103 face parte din Programul Na\u021bional destinat pilot\u0103rii sistemice a planurilor-cadru, av\u00e2nd ca obiectiv \u00eenv\u0103\u021b\u0103m\u00e2ntul liceal, at\u00e2t \u00een sectorul de stat, c\u00e2t \u0219i \u00een cel particular \u0219i confesional.<\/p>\n<p>Ministerul subliniaz\u0103 c\u0103 planul-cadru reprezint\u0103 documentul fundamental care define\u0219te structura procesului educa\u021bional. \u201eAcesta stabile\u0219te disciplinele (materiile) care se studiaz\u0103 \u0219i num\u0103rul de ore alocate fiec\u0103rei discipline pe s\u0103pt\u0103m\u00e2n\u0103,\u201d se arat\u0103 \u00een comunicatul de pres\u0103.<\/p>\n<p>Noile modele propuse aduc modific\u0103ri semnificative, \u00een special \u00een ceea ce prive\u0219te flexibilitatea \u0219i implicarea elevilor \u00een alegerea materiilor pe care le studiaz\u0103. \u201eModelele propuse aduc mai mult\u0103 flexibilitate \u00een organizarea disciplinelor pe an de studiu, \u00een alocarea orelor s\u0103pt\u0103m\u00e2nale, inclusiv \u00een orarul elevilor,\u201d a transmis ministerul.<\/p>\n<p>Un alt aspect important este extinderea op\u021biunilor disponibile pentru elevi, prin dezvoltarea Curriculumului la Decizia Elevului, integrat \u00een Oferta \u0218colii. \u201eSe pune accent pe alegerile elevilor, prin diversificarea Curriculumului la Decizia Elevului \u00een domenii precum: comunicare \u00een era digital\u0103, antreprenoriat digital, robotic\u0103 \u0219i imprimare 3D, bioetic\u0103, inteligen\u021b\u0103 artificial\u0103 \u0219i stare de bine,\u201d se precizeaz\u0103 \u00een anun\u021b.<\/p>\n<p>Reprezentan\u021bii ministerului subliniaz\u0103 c\u0103 implicarea \u0219colilor \u00een crearea propriilor planuri-cadru este crucial\u0103 pentru a r\u0103spunde mai bine nevoilor reale ale elevilor \u0219i comunit\u0103\u021bii. \u201eEste esen\u021bial ca \u0219coala s\u0103 participe activ la elaborarea planului-cadru, pentru a putea r\u0103spunde mai eficient cerin\u021belor comunit\u0103\u021bii \u0219colare,\u201d afirm\u0103 ace\u0219tia.<\/p>\n<p>\u201ePlanurile-cadru alternative sunt concepute pentru a asigura \u0219anse egale tuturor elevilor la examene \u0219i pentru a facilita atingerea competen\u021belor stipulate de legisla\u021bie,\u201d adaug\u0103 reprezentan\u021bii Ministerului Educa\u021biei.<\/p>\n<p>Ministerul a decis s\u0103 men\u021bin\u0103 deschis\u0103 lista unit\u0103\u021bilor de \u00eenv\u0103\u021b\u0103m\u00e2nt care doresc s\u0103 participe la acest program pilot. P\u00e2n\u0103 la data de 31 mai 2026, liceele din Rom\u00e2nia care sunt interesate s\u0103 adere la program pot s\u0103-\u0219i exprime aceast\u0103 inten\u021bie, cu condi\u021bia de a alege unul dintre planurile-cadru deja aprobate prin acest ordin.<\/p>\n<p>Implementarea planurilor-cadru alternative va avea loc dup\u0103 publicarea acestora \u00een Monitorul Oficial.<\/p>\n","protected":false},"excerpt":{"rendered":"<p>Ministerul Educa\u021biei din Rom\u00e2nia a anun\u021bat joi pe platforma Facebook c\u0103 ministrul Mihai Dimian a aprobat un ordin care permite 32 de licee din \u021bar\u0103 s\u0103 implementeze planuri-cadru alternative \u00eencep\u00e2nd cu anul \u0219colar 2026-2027. Conform declara\u021biilor oficiale, aceast\u0103 m\u0103sur\u0103 face parte din Programul Na\u021bional destinat pilot\u0103rii sistemice a planurilor-cadru, av\u00e2nd ca obiectiv \u00eenv\u0103\u021b\u0103m\u00e2ntul liceal, at\u00e2t [&hellip;]<\/p>\n","protected":false},"author":7,"featured_media":15444,"comment_status":"open","ping_status":"open","sticky":false,"template":"","format":"standard","meta":{"jnews-multi-image_gallery":[],"jnews_single_post":[],"jnews_primary_category":[],"jnews_override_counter":[],"footnotes":""},"categories":[43],"tags":[266,4339,3773,17884,9037,17885,17886,17887],"class_list":["post-15443","post","type-post","status-publish","format-standard","has-post-thumbnail","hentry","category-cultura","tag-educatie","tag-flexibilitate","tag-invatamant","tag-licee","tag-mihai-dimian","tag-planuri-cadru","tag-program-national","tag-reforma-educationala"],"_links":{"self":[{"href":"https:\/\/www.newsrecorder.ro\/app\/wp-json\/wp\/v2\/posts\/15443","targetHints":{"allow":["GET"]}}],"collection":[{"href":"https:\/\/www.newsrecorder.ro\/app\/wp-json\/wp\/v2\/posts"}],"about":[{"href":"https:\/\/www.newsrecorder.ro\/app\/wp-json\/wp\/v2\/types\/post"}],"author":[{"embeddable":true,"href":"https:\/\/www.newsrecorder.ro\/app\/wp-json\/wp\/v2\/users\/7"}],"replies":[{"embeddable":true,"href":"https:\/\/www.newsrecorder.ro\/app\/wp-json\/wp\/v2\/comments?post=15443"}],"version-history":[{"count":0,"href":"https:\/\/www.newsrecorder.ro\/app\/wp-json\/wp\/v2\/posts\/15443\/revisions"}],"wp:featuredmedia":[{"embeddable":true,"href":"https:\/\/www.newsrecorder.ro\/app\/wp-json\/wp\/v2\/media\/15444"}],"wp:attachment":[{"href":"https:\/\/www.newsrecorder.ro\/app\/wp-json\/wp\/v2\/media?parent=15443"}],"wp:term":[{"taxonomy":"category","embeddable":true,"href":"https:\/\/www.newsrecorder.ro\/app\/wp-json\/wp\/v2\/categories?post=15443"},{"taxonomy":"post_tag","embeddable":true,"href":"https:\/\/www.newsrecorder.ro\/app\/wp-json\/wp\/v2\/tags?post=15443"}],"curies":[{"name":"wp","href":"https:\/\/api.w.org\/{rel}","templated":true}]}}