{"id":15455,"date":"2026-04-23T15:20:06","date_gmt":"2026-04-23T15:20:06","guid":{"rendered":"https:\/\/www.newsrecorder.ro\/app\/2026\/04\/23\/ministrii-psd-demisioneaza-premierul-ramane-fara-majoritate\/"},"modified":"2026-04-23T15:20:06","modified_gmt":"2026-04-23T15:20:06","slug":"ministrii-psd-demisioneaza-premierul-ramane-fara-majoritate","status":"publish","type":"post","link":"https:\/\/www.newsrecorder.ro\/app\/2026\/04\/23\/ministrii-psd-demisioneaza-premierul-ramane-fara-majoritate\/","title":{"rendered":"Mini\u0219trii PSD demisioneaz\u0103: Premierul r\u0103m\u00e2ne f\u0103r\u0103 majoritate!"},"content":{"rendered":"<p>Florin Barbu a transmis un mesaj pe re\u021belele sociale dup\u0103 ce \u0219i-a depus demisia din func\u021bia de ministru al Agriculturii \u0219i Dezvolt\u0103rii Rurale. \u00cen postarea sa, el a declarat: \u201eMi-am \u00eenaintat demisia din func\u021bia de ministru al Agriculturii \u0219i Dezvolt\u0103rii Rurale. Zilele urm\u0103toare voi organiza o conferin\u021b\u0103 de pres\u0103 la sediul Ministerului Agriculturii \u0219i Dezvolt\u0103rii Rurale pentru a prezenta rezultatele ob\u021binute pentru agricultura Rom\u00e2niei, \u00eempreun\u0103 cu fermierii, procesatorii \u0219i cu ajutorul colegilor din minister, \u00een ultimii 2 ani \u0219i 10 luni.\u201d El a ad\u0103ugat c\u0103 va continua s\u0103 asigure func\u021bionarea ministerului \u201ep\u00e2n\u0103 c\u00e2nd demisia devine efectiv\u0103\u201d.<\/p>\n<p>\u00cen alt\u0103 parte, Ciprian \u0218erban a reac\u021bionat pe Facebook dup\u0103 ce \u0219i-a depus demisia din func\u021bia de ministru al Transporturilor. \u201eConsider c\u0103, \u00een aceste 10 luni, \u00een care am exercitat mandatul de ministru, mi-am f\u0103cut datoria at\u00e2t fa\u021b\u0103 de rom\u00e2ni, c\u00e2t \u0219i fa\u021b\u0103 de PSD, cel care m-a \u00eenvestit cu \u00eencrederea acestei func\u021bii. S\u0103pt\u0103m\u00e2na viitoare voi prezenta raportul meu de mandat \u00eentr-o discu\u021bie informal\u0103 cu ziari\u0219tii acredita\u021bi la Ministerul Transporturilor \u0219i Infrastructurii, c\u0103rora le mul\u021bumesc de pe acum pentru obiectivitate \u0219i buna colaborare\u201d, a scris el.<\/p>\n<p>Pe de alt\u0103 parte, PSD a emis un comunicat oficial, anun\u021b\u00e2nd c\u0103 demisiile mini\u0219trilor social-democra\u021bi marcheaz\u0103 retragerea sprijinului politic pentru prim-ministrul Ilie Bolojan. \u201eDin acest moment, premierul nu mai are sprijinul unei majorit\u0103\u021bi parlamentare, ceea ce \u00eenseamn\u0103 c\u0103 nu mai are legitimitatea democratic\u0103 de a exercita func\u021bia de conducere a Guvernului Rom\u00e2niei\u201d, a precizat partidul. De asemenea, PSD a subliniat c\u0103 men\u021binerea unui guvern nefunc\u021bional, lipsit de majoritate, este o abordare profund iresponsabil\u0103, cu implica\u021bii negative asupra economiei na\u021bionale.<\/p>\n<p>Mini\u0219trii PSD au sosit joi la Palatul Victoria pentru a-\u0219i depune demisiile din Guvernul Rom\u00e2niei. Premierul Ilie Bolojan a mul\u021bumit mini\u0219trilor PSD la finalul unei \u0219edin\u021be de Guvern, subliniind c\u0103 fiecare dintre ei a contribuit la echipa guvernamental\u0103. Urm\u0103torul pas va fi ca demisiile s\u0103 fie \u00eenregistrate la cancelaria premierului \u0219i trimise la Cotroceni, \u00eempreun\u0103 cu propunerile de interimari.<\/p>\n<p>Surse politice au declarat c\u0103 to\u021bi mini\u0219trii PSD urmeaz\u0103 s\u0103 \u00ee\u0219i depun\u0103 demisiile la ora 14:00. Pre\u0219edintele PSD, Sorin Grindeanu, a declarat c\u0103 social-democra\u021bii nu \u00eel mai sus\u021bin pe Ilie Bolojan \u0219i sunt dispu\u0219i s\u0103 treac\u0103 \u00een opozi\u021bie dac\u0103 premierul nu va fi \u00eenlocuit.<\/p>\n<p><strong>Cine sunt mini\u0219trii care p\u0103r\u0103sesc Executivul<\/strong><\/p>\n<p>PSD de\u021bine \u0219ase portofolii ministeriale \u0219i, printre demisionari, se num\u0103r\u0103: ministrul Transporturilor Ciprian \u0218erban, ministrul Agriculturii Florin Barbu, ministrul Energiei Bogdan Ivan, ministrul S\u0103n\u0103t\u0103\u021bii Alexandru Rogobete, ministrul Justi\u021biei Radu Marinescu \u0219i ministrul Muncii Florin Manole. De asemenea, vicepremierul Marian Neac\u0219u \u0219i \u0219eful Secretariatului General al Guvernului, \u0218tefan Radu Oprea, sunt \u0219i ei membri ai PSD.<\/p>\n<p><strong>Ce urmeaz\u0103 dup\u0103 demisii<\/strong><\/p>\n<p>Odat\u0103 cu demisia mini\u0219trilor PSD, Guvernul Bolojan \u00ee\u0219i va schimba semnificativ compozi\u021bia politic\u0103, PSD ie\u0219ind efectiv din coali\u021bia de guvernare. Premierul va numi interimari dintre membrii actuali ai Cabinetului, interimatul fiind limitat la 45 de zile.<\/p>\n<p><strong>Risc de mo\u021biune de cenzur\u0103<\/strong><\/p>\n<p>\u00cen aceast\u0103 perioad\u0103, opozi\u021bia poate depune o mo\u021biune de cenzur\u0103 \u00eempotriva Guvernului \u00een Parlament. AUR a anun\u021bat deja c\u0103 va vota orice mo\u021biune \u00eendreptat\u0103 \u00eempotriva actualului Executiv. Premierul Bolojan a declarat c\u0103 este necesar s\u0103 se discute rapid despre \u00eenlocuirea demisionarilor, av\u00e2nd \u00een vedere func\u021bionarea Guvernului f\u0103r\u0103 mini\u0219trii PSD.<\/p>\n","protected":false},"excerpt":{"rendered":"<p>Florin Barbu a transmis un mesaj pe re\u021belele sociale dup\u0103 ce \u0219i-a depus demisia din func\u021bia de ministru al Agriculturii \u0219i Dezvolt\u0103rii Rurale. \u00cen postarea sa, el a declarat: \u201eMi-am \u00eenaintat demisia din func\u021bia de ministru al Agriculturii \u0219i Dezvolt\u0103rii Rurale. Zilele urm\u0103toare voi organiza o conferin\u021b\u0103 de pres\u0103 la sediul Ministerului Agriculturii \u0219i Dezvolt\u0103rii [&hellip;]<\/p>\n","protected":false},"author":2,"featured_media":15456,"comment_status":"open","ping_status":"open","sticky":false,"template":"","format":"standard","meta":{"jnews-multi-image_gallery":[],"jnews_single_post":[],"jnews_primary_category":[],"jnews_override_counter":[],"footnotes":""},"categories":[42],"tags":[467,678,2079,12487,2518,1993,300,3672],"class_list":["post-15455","post","type-post","status-publish","format-standard","has-post-thumbnail","hentry","category-politica","tag-agricultura","tag-conferinta-de-presa","tag-demisie","tag-dezvoltare-rurala","tag-florin-barbu","tag-ministru","tag-psd","tag-transporturi"],"_links":{"self":[{"href":"https:\/\/www.newsrecorder.ro\/app\/wp-json\/wp\/v2\/posts\/15455","targetHints":{"allow":["GET"]}}],"collection":[{"href":"https:\/\/www.newsrecorder.ro\/app\/wp-json\/wp\/v2\/posts"}],"about":[{"href":"https:\/\/www.newsrecorder.ro\/app\/wp-json\/wp\/v2\/types\/post"}],"author":[{"embeddable":true,"href":"https:\/\/www.newsrecorder.ro\/app\/wp-json\/wp\/v2\/users\/2"}],"replies":[{"embeddable":true,"href":"https:\/\/www.newsrecorder.ro\/app\/wp-json\/wp\/v2\/comments?post=15455"}],"version-history":[{"count":0,"href":"https:\/\/www.newsrecorder.ro\/app\/wp-json\/wp\/v2\/posts\/15455\/revisions"}],"wp:featuredmedia":[{"embeddable":true,"href":"https:\/\/www.newsrecorder.ro\/app\/wp-json\/wp\/v2\/media\/15456"}],"wp:attachment":[{"href":"https:\/\/www.newsrecorder.ro\/app\/wp-json\/wp\/v2\/media?parent=15455"}],"wp:term":[{"taxonomy":"category","embeddable":true,"href":"https:\/\/www.newsrecorder.ro\/app\/wp-json\/wp\/v2\/categories?post=15455"},{"taxonomy":"post_tag","embeddable":true,"href":"https:\/\/www.newsrecorder.ro\/app\/wp-json\/wp\/v2\/tags?post=15455"}],"curies":[{"name":"wp","href":"https:\/\/api.w.org\/{rel}","templated":true}]}}