{"id":15459,"date":"2026-04-23T15:20:38","date_gmt":"2026-04-23T15:20:38","guid":{"rendered":"https:\/\/www.newsrecorder.ro\/app\/2026\/04\/23\/dan-motreanu-pnl-isi-mentine-angajamentul-guvernamental-fara-psd\/"},"modified":"2026-04-23T15:20:38","modified_gmt":"2026-04-23T15:20:38","slug":"dan-motreanu-pnl-isi-mentine-angajamentul-guvernamental-fara-psd","status":"publish","type":"post","link":"https:\/\/www.newsrecorder.ro\/app\/2026\/04\/23\/dan-motreanu-pnl-isi-mentine-angajamentul-guvernamental-fara-psd\/","title":{"rendered":"Dan Motreanu: PNL \u00ce\u0219i Men\u021bine Angajamentul Guvernamental F\u0103r\u0103 PSD!"},"content":{"rendered":"<p>Dan Motreanu, secretarul general al Partidului Na\u021bional Liberal (PNL), a declarat recent c\u0103 Guvernul Rom\u00e2niei \u00ee\u0219i men\u021bine capacitatea de a lua decizii esen\u021biale, chiar \u0219i \u00een situa\u021bia \u00een care mini\u0219trii social-democra\u021bi (PSD) sunt absen\u021bi. Motreanu a subliniat c\u0103 reformele ini\u021biate de Ilie Bolojan vor continua f\u0103r\u0103 \u00eentreruperi.<\/p>\n<p>\u201e\u00cen cadrul primei \u0219edin\u021be a Guvernului condus de Bolojan, care a avut loc f\u0103r\u0103 prezen\u021ba mini\u0219trilor PSD, au fost discutate 39 de acte normative. Guvernul dispune de puteri complete, av\u00e2nd capacitatea de a emite ordonan\u021be de urgen\u021b\u0103 \u0219i de a ini\u021bia proiecte legislative care vor fi trimise Parlamentului. Aceasta va r\u0103m\u00e2ne valabil\u0103 \u0219i dup\u0103 demisia mini\u0219trilor PSD\u201d, a scris Dan Motreanu pe re\u021belele de socializare.<\/p>\n<p>De asemenea, Motreanu a men\u021bionat c\u0103 atribu\u021biile mini\u0219trilor care au demisionat vor fi preluate temporar de cei interimari, asigur\u00e2nd astfel continuitatea \u00een conducerea guvernamental\u0103. PNL se angajeaz\u0103 s\u0103 r\u0103m\u00e2n\u0103 parte a coali\u021biei de guvernare.<\/p>\n<p>\u201ePNL \u00ee\u0219i va asuma \u00een continuare responsabilitatea guvern\u0103rii, al\u0103turi de celelalte partide proeuropene. Rom\u00e2nia are nevoie de stabilitate, de o direc\u021bie clar\u0103 \u0219i de decizii ferme. Ilie Bolojan va continua reformele deja ini\u021biate, va lua noi m\u0103suri pentru a reduce risipele din fondurile publice \u0219i pentru a \u00eembun\u0103t\u0103\u021bi eficien\u021ba administra\u021biei\u201d, a concluzionat Motreanu.<\/p>\n","protected":false},"excerpt":{"rendered":"<p>Dan Motreanu, secretarul general al Partidului Na\u021bional Liberal (PNL), a declarat recent c\u0103 Guvernul Rom\u00e2niei \u00ee\u0219i men\u021bine capacitatea de a lua decizii esen\u021biale, chiar \u0219i \u00een situa\u021bia \u00een care mini\u0219trii social-democra\u021bi (PSD) sunt absen\u021bi. Motreanu a subliniat c\u0103 reformele ini\u021biate de Ilie Bolojan vor continua f\u0103r\u0103 \u00eentreruperi. \u201e\u00cen cadrul primei \u0219edin\u021be a Guvernului condus de [&hellip;]<\/p>\n","protected":false},"author":2,"featured_media":15460,"comment_status":"open","ping_status":"open","sticky":false,"template":"","format":"standard","meta":{"jnews-multi-image_gallery":[],"jnews_single_post":[],"jnews_primary_category":[],"jnews_override_counter":[],"footnotes":""},"categories":[42],"tags":[17898,8199,5878,4696,17896,17897,627,1057],"class_list":["post-15459","post","type-post","status-publish","format-standard","has-post-thumbnail","hentry","category-politica","tag-conducerea-guvernamentala","tag-dan-motreanu","tag-decizii-esentiale","tag-guvern-romania","tag-ministri-psd","tag-ordonante-de-urgenta","tag-pnl","tag-reforme"],"_links":{"self":[{"href":"https:\/\/www.newsrecorder.ro\/app\/wp-json\/wp\/v2\/posts\/15459","targetHints":{"allow":["GET"]}}],"collection":[{"href":"https:\/\/www.newsrecorder.ro\/app\/wp-json\/wp\/v2\/posts"}],"about":[{"href":"https:\/\/www.newsrecorder.ro\/app\/wp-json\/wp\/v2\/types\/post"}],"author":[{"embeddable":true,"href":"https:\/\/www.newsrecorder.ro\/app\/wp-json\/wp\/v2\/users\/2"}],"replies":[{"embeddable":true,"href":"https:\/\/www.newsrecorder.ro\/app\/wp-json\/wp\/v2\/comments?post=15459"}],"version-history":[{"count":0,"href":"https:\/\/www.newsrecorder.ro\/app\/wp-json\/wp\/v2\/posts\/15459\/revisions"}],"wp:featuredmedia":[{"embeddable":true,"href":"https:\/\/www.newsrecorder.ro\/app\/wp-json\/wp\/v2\/media\/15460"}],"wp:attachment":[{"href":"https:\/\/www.newsrecorder.ro\/app\/wp-json\/wp\/v2\/media?parent=15459"}],"wp:term":[{"taxonomy":"category","embeddable":true,"href":"https:\/\/www.newsrecorder.ro\/app\/wp-json\/wp\/v2\/categories?post=15459"},{"taxonomy":"post_tag","embeddable":true,"href":"https:\/\/www.newsrecorder.ro\/app\/wp-json\/wp\/v2\/tags?post=15459"}],"curies":[{"name":"wp","href":"https:\/\/api.w.org\/{rel}","templated":true}]}}