{"id":15461,"date":"2026-04-23T15:20:59","date_gmt":"2026-04-23T15:20:59","guid":{"rendered":"https:\/\/www.newsrecorder.ro\/app\/2026\/04\/23\/demisiile-ministrilor-psd-primul-pas-spre-schimbarea-dorita-de-romani\/"},"modified":"2026-04-23T15:20:59","modified_gmt":"2026-04-23T15:20:59","slug":"demisiile-ministrilor-psd-primul-pas-spre-schimbarea-dorita-de-romani","status":"publish","type":"post","link":"https:\/\/www.newsrecorder.ro\/app\/2026\/04\/23\/demisiile-ministrilor-psd-primul-pas-spre-schimbarea-dorita-de-romani\/","title":{"rendered":"Demisiile mini\u0219trilor PSD: Primul pas spre schimbarea dorit\u0103 de rom\u00e2ni!"},"content":{"rendered":"<p>Partidul Social Democrat (PSD) a anun\u021bat c\u0103 demisiile mini\u0219trilor s\u0103i constituie un act politic ce marcheaz\u0103 decizia partidului de a retrage sprijinul acordat prim-ministrului Ilie Bolojan. \u00cen urma acestei m\u0103suri, premierul nu mai beneficiaz\u0103 de sus\u021binerea unei majorit\u0103\u021bi parlamentare, ceea ce \u00eei afecteaz\u0103 legitimitatea democratic\u0103 de a conduce Guvernul Rom\u00e2niei. Conform Constitu\u021biei, suveranitatea na\u021bional\u0103 nu poate fi exercitat\u0103 de niciun grup sau persoan\u0103 \u00een nume propriu, contrar voin\u021bei majorit\u0103\u021bii parlamentare, rezultate din alegeri libere \u0219i democratice.<\/p>\n<p>PSD subliniaz\u0103 c\u0103 men\u021binerea unui guvern care nu func\u021bioneaz\u0103, lipsit de o majoritate parlamentar\u0103, reprezint\u0103 o abordare extrem de iresponsabil\u0103, av\u00e2nd implica\u021bii negative asupra economiei na\u021bionale.<\/p>\n<p>\u00cen comunicatul de pres\u0103, PSD afirm\u0103 c\u0103 retragerea mini\u0219trilor s\u0103i nu este o abandonare a guvern\u0103rii, ci un pas necesar pentru a ini\u021bia schimbarea cerut\u0103 de o mare parte a cet\u0103\u021benilor rom\u00e2ni. \u201eRecesiunea, infla\u021bia, sc\u0103derea consumului \u0219i a produc\u021biei impun o astfel de schimbare. Ar fi fost iresponsabil s\u0103 continu\u0103m pe o cale care s-a dovedit gre\u0219it\u0103, mai ales \u00een actualul context geopolitic\u201d, se arat\u0103 \u00een declara\u021bia partidului.<\/p>\n<p>Social-democra\u021bii \u00ee\u0219i exprim\u0103 disponibilitatea de a participa la formarea unui nou guvern pro-european. Ace\u0219tia sunt dispu\u0219i s\u0103 sus\u021bin\u0103 un premier, fie el politic sau tehnocrat, care s\u0103 fie atent la problemele cet\u0103\u021benilor \u0219i capabil s\u0103 colaboreze cu partidele care \u00eei ofer\u0103 majoritatea parlamentar\u0103.<\/p>\n<p>P\u00e2n\u0103 la constituirea unui nou guvern, PSD se angajeaz\u0103 s\u0103 sprijine adoptarea actelor normative esen\u021biale pentru derularea proiectelor finan\u021bate din fonduri europene. De asemenea, mini\u0219trii demisionari ai PSD vor continua s\u0103 \u00ee\u0219i \u00eendeplineasc\u0103 atribu\u021biile p\u00e2n\u0103 la finalizarea procedurilor legale, care se finalizeaz\u0103 prin publicarea decretului preziden\u021bial \u00een Monitorul Oficial, ce va vacanta func\u021biile. \u00cen aceast\u0103 perioad\u0103, mini\u0219trii PSD nu vor participa la \u0219edin\u021bele de guvern, deleg\u00e2ndu-\u0219i reprezentarea c\u0103tre secretarii de stat desemna\u021bi de celelalte partide din Coali\u021bia de guvernare.<\/p>\n<p>\u00cen ziua de joi, mini\u0219trii PSD au sosit la Palatul Victoria pentru a-\u0219i depune demisiile din Guvernul Rom\u00e2niei, cei \u0219ase oficiali prezent\u00e2ndu-se la ora 14.00 pentru a oficializa aceast\u0103 decizie.<\/p>\n","protected":false},"excerpt":{"rendered":"<p>Partidul Social Democrat (PSD) a anun\u021bat c\u0103 demisiile mini\u0219trilor s\u0103i constituie un act politic ce marcheaz\u0103 decizia partidului de a retrage sprijinul acordat prim-ministrului Ilie Bolojan. \u00cen urma acestei m\u0103suri, premierul nu mai beneficiaz\u0103 de sus\u021binerea unei majorit\u0103\u021bi parlamentare, ceea ce \u00eei afecteaz\u0103 legitimitatea democratic\u0103 de a conduce Guvernul Rom\u00e2niei. Conform Constitu\u021biei, suveranitatea na\u021bional\u0103 nu [&hellip;]<\/p>\n","protected":false},"author":2,"featured_media":15462,"comment_status":"open","ping_status":"open","sticky":false,"template":"","format":"standard","meta":{"jnews-multi-image_gallery":[],"jnews_single_post":[],"jnews_primary_category":[],"jnews_override_counter":[],"footnotes":""},"categories":[42],"tags":[4134,11840,301,17899,639,443,300,4045],"class_list":["post-15461","post","type-post","status-publish","format-standard","has-post-thumbnail","hentry","category-politica","tag-demisii","tag-economie-nationala","tag-guvern","tag-legitimitate-democratica","tag-majoritate-parlamentara","tag-prim-ministru","tag-psd","tag-suveranitate-nationala"],"_links":{"self":[{"href":"https:\/\/www.newsrecorder.ro\/app\/wp-json\/wp\/v2\/posts\/15461","targetHints":{"allow":["GET"]}}],"collection":[{"href":"https:\/\/www.newsrecorder.ro\/app\/wp-json\/wp\/v2\/posts"}],"about":[{"href":"https:\/\/www.newsrecorder.ro\/app\/wp-json\/wp\/v2\/types\/post"}],"author":[{"embeddable":true,"href":"https:\/\/www.newsrecorder.ro\/app\/wp-json\/wp\/v2\/users\/2"}],"replies":[{"embeddable":true,"href":"https:\/\/www.newsrecorder.ro\/app\/wp-json\/wp\/v2\/comments?post=15461"}],"version-history":[{"count":0,"href":"https:\/\/www.newsrecorder.ro\/app\/wp-json\/wp\/v2\/posts\/15461\/revisions"}],"wp:featuredmedia":[{"embeddable":true,"href":"https:\/\/www.newsrecorder.ro\/app\/wp-json\/wp\/v2\/media\/15462"}],"wp:attachment":[{"href":"https:\/\/www.newsrecorder.ro\/app\/wp-json\/wp\/v2\/media?parent=15461"}],"wp:term":[{"taxonomy":"category","embeddable":true,"href":"https:\/\/www.newsrecorder.ro\/app\/wp-json\/wp\/v2\/categories?post=15461"},{"taxonomy":"post_tag","embeddable":true,"href":"https:\/\/www.newsrecorder.ro\/app\/wp-json\/wp\/v2\/tags?post=15461"}],"curies":[{"name":"wp","href":"https:\/\/api.w.org\/{rel}","templated":true}]}}