{"id":15547,"date":"2026-04-24T00:12:22","date_gmt":"2026-04-24T00:12:22","guid":{"rendered":"https:\/\/www.newsrecorder.ro\/app\/2026\/04\/24\/soc-pentru-real-madrid-doi-staruri-out-pana-la-finalul-sezonului\/"},"modified":"2026-04-24T00:12:22","modified_gmt":"2026-04-24T00:12:22","slug":"soc-pentru-real-madrid-doi-staruri-out-pana-la-finalul-sezonului","status":"publish","type":"post","link":"https:\/\/www.newsrecorder.ro\/app\/2026\/04\/24\/soc-pentru-real-madrid-doi-staruri-out-pana-la-finalul-sezonului\/","title":{"rendered":"\u0218oc pentru Real Madrid: Doi staruri, out p\u00e2n\u0103 la finalul sezonului!"},"content":{"rendered":"<p>\u00cen cadrul meciului din La Liga dintre Real Madrid \u0219i Deportivo Alav\u00e9s, care a avut loc mar\u021bi \u0219i s-a \u00eencheiat cu victoria madrilenilor, scor 2-1, echipa a suferit dou\u0103 absen\u021be notabile din cauza accident\u0103rilor. \u00c9der Milit\u00e3o \u0219i Arda G\u00fcler au fost victimele unor leziuni la bicepsul femural, afect\u00e2ndu-le am\u00e2ndurora carierele pe termen scurt.<\/p>\n<p>Conform comunicatelor oficiale emise de clubul spaniol, G\u00fcler a resim\u021bit dureri la piciorul drept, \u00een timp ce Milit\u00e3o a suferit o accidentare la piciorul st\u00e2ng. Am\u00e2ndoi juc\u0103tori sunt exclu\u0219i din calculele echipei pentru restul sezonului, iar cazul funda\u0219ului brazilian ridic\u0103 semne de \u00eentrebare \u00een contextul particip\u0103rii sale la viitorul Campionat Mondial.<\/p>\n<p>Milit\u00e3o a sim\u021bit problemele imediat \u00een timpul meciului, solicit\u00e2nd schimbarea, \u00een timp ce G\u00fcler a continuat jocul pentru o perioad\u0103, dar a fost ulterior nevoit s\u0103 se retrag\u0103 din cauza durerilor resim\u021bite. Investiga\u021biile medicale ulterioare au confirmat diagnosticul de accidentare.<\/p>\n<p>\u00cen contextul accident\u0103rilor, situa\u021bia lui Milit\u00e3o este considerat\u0103 a fi mai complicat\u0103. Acesta a avut un sezon plin de probleme musculare, av\u00e2nd \u00een vedere c\u0103 \u00een noiembrie a fost nevoit s\u0103 lipseasc\u0103 din dou\u0103 meciuri, iar \u00een decembrie a suferit o accidentare mai grav\u0103, cu afectare de tendon, care l-a \u021binut departe de teren timp de aproximativ patru luni, pierz\u00e2nd astfel 24 de partide.<\/p>\n<p>Dup\u0103 o revenire recent\u0103, \u00een apropierea meciurilor din Champions League cu Bayern M\u00fcnchen, Milit\u00e3o s-a accidentat din nou, ceea ce a intensificat \u00eengrijor\u0103rile cu privire la starea sa fizic\u0103.<\/p>\n<p>\u00cen contrast, echipa medical\u0103 este mai optimist\u0103 \u00een ceea ce \u00eel prive\u0219te pe G\u00fcler. Interna\u021bionalul turc joac\u0103 un rol esen\u021bial \u00een echipa na\u021bional\u0103, iar, \u00een prezent, prezen\u021ba sa la turneul final nu pare a fi \u00een pericol.<\/p>\n","protected":false},"excerpt":{"rendered":"<p>\u00cen cadrul meciului din La Liga dintre Real Madrid \u0219i Deportivo Alav\u00e9s, care a avut loc mar\u021bi \u0219i s-a \u00eencheiat cu victoria madrilenilor, scor 2-1, echipa a suferit dou\u0103 absen\u021be notabile din cauza accident\u0103rilor. \u00c9der Milit\u00e3o \u0219i Arda G\u00fcler au fost victimele unor leziuni la bicepsul femural, afect\u00e2ndu-le am\u00e2ndurora carierele pe termen scurt. Conform comunicatelor [&hellip;]<\/p>\n","protected":false},"author":6,"featured_media":15548,"comment_status":"open","ping_status":"open","sticky":false,"template":"","format":"standard","meta":{"jnews-multi-image_gallery":[],"jnews_single_post":[],"jnews_primary_category":[],"jnews_override_counter":[],"footnotes":""},"categories":[46],"tags":[1378,17956,1511,17955,14907,89,7142,1395],"class_list":["post-15547","post","type-post","status-publish","format-standard","has-post-thumbnail","hentry","category-sport","tag-accidentari","tag-arda-guler","tag-campionat-mondial","tag-deportivo-alaves","tag-eder-militao","tag-fotbal","tag-la-liga","tag-real-madrid"],"_links":{"self":[{"href":"https:\/\/www.newsrecorder.ro\/app\/wp-json\/wp\/v2\/posts\/15547","targetHints":{"allow":["GET"]}}],"collection":[{"href":"https:\/\/www.newsrecorder.ro\/app\/wp-json\/wp\/v2\/posts"}],"about":[{"href":"https:\/\/www.newsrecorder.ro\/app\/wp-json\/wp\/v2\/types\/post"}],"author":[{"embeddable":true,"href":"https:\/\/www.newsrecorder.ro\/app\/wp-json\/wp\/v2\/users\/6"}],"replies":[{"embeddable":true,"href":"https:\/\/www.newsrecorder.ro\/app\/wp-json\/wp\/v2\/comments?post=15547"}],"version-history":[{"count":0,"href":"https:\/\/www.newsrecorder.ro\/app\/wp-json\/wp\/v2\/posts\/15547\/revisions"}],"wp:featuredmedia":[{"embeddable":true,"href":"https:\/\/www.newsrecorder.ro\/app\/wp-json\/wp\/v2\/media\/15548"}],"wp:attachment":[{"href":"https:\/\/www.newsrecorder.ro\/app\/wp-json\/wp\/v2\/media?parent=15547"}],"wp:term":[{"taxonomy":"category","embeddable":true,"href":"https:\/\/www.newsrecorder.ro\/app\/wp-json\/wp\/v2\/categories?post=15547"},{"taxonomy":"post_tag","embeddable":true,"href":"https:\/\/www.newsrecorder.ro\/app\/wp-json\/wp\/v2\/tags?post=15547"}],"curies":[{"name":"wp","href":"https:\/\/api.w.org\/{rel}","templated":true}]}}