{"id":15557,"date":"2026-04-24T00:14:06","date_gmt":"2026-04-24T00:14:06","guid":{"rendered":"https:\/\/www.newsrecorder.ro\/app\/2026\/04\/24\/germania-taie-costurile-cursurilor-pentru-imigranti-romanii-in-vizor\/"},"modified":"2026-04-24T00:14:06","modified_gmt":"2026-04-24T00:14:06","slug":"germania-taie-costurile-cursurilor-pentru-imigranti-romanii-in-vizor","status":"publish","type":"post","link":"https:\/\/www.newsrecorder.ro\/app\/2026\/04\/24\/germania-taie-costurile-cursurilor-pentru-imigranti-romanii-in-vizor\/","title":{"rendered":"Germania taie costurile cursurilor pentru imigran\u021bi: rom\u00e2nii \u00een vizor!"},"content":{"rendered":"<p>Autorit\u0103\u021bile din Berlin preg\u0103tesc noi restric\u021bii cu privire la accesul la cursurile de integrare, \u00een contextul presiunilor bugetare, conform celor relatate de publica\u021bia <a href=\"https:\/\/www.finanznachrichten.de\/nachrichten-2026-04\/68281707-bund-denkt-ueber-neue-einschnitte-bei-integrationskursen-nach-003.htm\">Westdeutsche Allgemeine Zeitung<\/a>.<\/p>\n<p>Printre m\u0103surile aflate \u00een discu\u021bie se num\u0103r\u0103 reducerea nivelului de limb\u0103 german\u0103 necesar la finalizarea cursurilor, modific\u00e2ndu-se cerin\u021ba de la B1 la A2 pentru participan\u021bii cu performan\u021be mai slabe.<\/p>\n<p>Speciali\u0219tii subliniaz\u0103 c\u0103 o astfel de m\u0103sur\u0103 ar putea afecta grav \u0219ansele migran\u021bilor de a se integra \u00een societate \u0219i de a g\u0103si locuri de munc\u0103 \u00een Germania.<\/p>\n<p>Aceste restric\u021bii ar viza nu doar solicitan\u021bii de azil \u0219i refugia\u021bii, ci \u0219i cet\u0103\u021benii Uniunii Europene, inclusiv rom\u00e2ni \u0219i bulgari, care locuiesc \u0219i muncesc \u00een <a href=\"https:\/\/www.mediafax.ro\/economic\/germania-strange-cureaua-zeci-de-mii-de-romani-in-pericol-sa-piarda-celebrul-ajutor-social-burgergeld-23671590\">Germania<\/a>.<\/p>\n<p>De asemenea, la \u00eenceputul anului, autorit\u0103\u021bile au impus deja limit\u0103ri la \u00eenscrierea \u00een aceste cursuri.<\/p>\n<h2>Critici dure din partea speciali\u0219tilor<\/h2>\n<p>Reprezentan\u021bii centrelor de educa\u021bie pentru adul\u021bi din landul Renania de Nord-Westfalia au reac\u021bionat vehement la planurile guvernului. Klaus Hebborn, pre\u0219edintele asocia\u021biei regionale a acestor centre, a avertizat c\u0103 m\u0103surile propuse risc\u0103 s\u0103 sl\u0103beasc\u0103 un sistem care a dovedit eficien\u021ba de-a lungul timpului.<\/p>\n<p>\u201eGuvernul federal submineaz\u0103 \u00een mod semnificativ structurile de integrare care au avut succes\u201d, a declarat acesta, argument\u00e2nd c\u0103 restric\u021biile contravin chiar politicii oficiale de atragere a for\u021bei de munc\u0103 str\u0103ine.<\/p>\n<h2>Auto\u00eenv\u0103\u021bare digital\u0103 \u0219i reducerea cursurilor<\/h2>\n<p>Documentele analizate la nivel federal con\u021bin \u0219i propuneri controversate, cum ar fi introducerea unor perioade de auto\u00eenv\u0103\u021bare digital\u0103 f\u0103r\u0103 profesori, reducerea orelor dedicate cursurilor de alfabetizare \u0219i diminuarea rolului testului final \u201eVia\u021ba \u00een Germania\u201d, care evalueaz\u0103 cuno\u0219tin\u021bele despre sistemul politic, valorile sociale \u0219i regulile fundamentale ale societ\u0103\u021bii germane.<\/p>\n<p>\u00cen plus, cursul de orientare civic\u0103, care \u00eei \u00eenva\u021b\u0103 pe nou-veni\u021bi despre drepturi, obliga\u021bii \u0219i sistemul juridic, ar putea fi redus sau par\u021bial \u00eenlocuit cu module online.<\/p>\n<h2>M\u0103suri motivate de lipsa fondurilor<\/h2>\n<p>Guvernul german justific\u0103 aceste modific\u0103ri prin constr\u00e2ngeri bugetare, afirm\u00e2nd c\u0103 finan\u021barea actual\u0103 a cursurilor de integrare nu mai poate fi sus\u021binut\u0103.<\/p>\n<p>Criticii \u00eens\u0103 subliniaz\u0103 un paradox: \u00een timp ce Germania se confrunt\u0103 cu un deficit de for\u021b\u0103 de munc\u0103 \u0219i \u00eencearc\u0103 s\u0103 atrag\u0103 lucr\u0103tori str\u0103ini, reduce tocmai programele care \u00eei ajut\u0103 pe ace\u0219tia s\u0103 se integreze \u0219i s\u0103 acceseze pia\u021ba muncii.<\/p>\n<p>Pentru mul\u021bi rom\u00e2ni stabili\u021bi \u00een Germania, cursurile de integrare constituie un pas esen\u021bial \u00een ob\u021binerea unui loc de munc\u0103 mai bine pl\u0103tit \u0219i \u00een adaptarea la via\u021ba \u00een noua lor \u021bar\u0103.<\/p>\n","protected":false},"excerpt":{"rendered":"<p>Autorit\u0103\u021bile din Berlin preg\u0103tesc noi restric\u021bii cu privire la accesul la cursurile de integrare, \u00een contextul presiunilor bugetare, conform celor relatate de publica\u021bia Westdeutsche Allgemeine Zeitung. Printre m\u0103surile aflate \u00een discu\u021bie se num\u0103r\u0103 reducerea nivelului de limb\u0103 german\u0103 necesar la finalizarea cursurilor, modific\u00e2ndu-se cerin\u021ba de la B1 la A2 pentru participan\u021bii cu performan\u021be mai slabe. [&hellip;]<\/p>\n","protected":false},"author":2,"featured_media":15558,"comment_status":"open","ping_status":"open","sticky":false,"template":"","format":"standard","meta":{"jnews-multi-image_gallery":[],"jnews_single_post":[],"jnews_primary_category":[],"jnews_override_counter":[],"footnotes":""},"categories":[41],"tags":[9322,17967,17969,17968,3645,6853,692,321],"class_list":["post-15557","post","type-post","status-publish","format-standard","has-post-thumbnail","hentry","category-externe","tag-azil","tag-cursuri-de-integrare","tag-educatie-pentru-adulti","tag-limba-germana","tag-migranti","tag-refugiati","tag-restrictii","tag-uniunea-europeana"],"_links":{"self":[{"href":"https:\/\/www.newsrecorder.ro\/app\/wp-json\/wp\/v2\/posts\/15557","targetHints":{"allow":["GET"]}}],"collection":[{"href":"https:\/\/www.newsrecorder.ro\/app\/wp-json\/wp\/v2\/posts"}],"about":[{"href":"https:\/\/www.newsrecorder.ro\/app\/wp-json\/wp\/v2\/types\/post"}],"author":[{"embeddable":true,"href":"https:\/\/www.newsrecorder.ro\/app\/wp-json\/wp\/v2\/users\/2"}],"replies":[{"embeddable":true,"href":"https:\/\/www.newsrecorder.ro\/app\/wp-json\/wp\/v2\/comments?post=15557"}],"version-history":[{"count":0,"href":"https:\/\/www.newsrecorder.ro\/app\/wp-json\/wp\/v2\/posts\/15557\/revisions"}],"wp:featuredmedia":[{"embeddable":true,"href":"https:\/\/www.newsrecorder.ro\/app\/wp-json\/wp\/v2\/media\/15558"}],"wp:attachment":[{"href":"https:\/\/www.newsrecorder.ro\/app\/wp-json\/wp\/v2\/media?parent=15557"}],"wp:term":[{"taxonomy":"category","embeddable":true,"href":"https:\/\/www.newsrecorder.ro\/app\/wp-json\/wp\/v2\/categories?post=15557"},{"taxonomy":"post_tag","embeddable":true,"href":"https:\/\/www.newsrecorder.ro\/app\/wp-json\/wp\/v2\/tags?post=15557"}],"curies":[{"name":"wp","href":"https:\/\/api.w.org\/{rel}","templated":true}]}}