{"id":15565,"date":"2026-04-24T02:07:25","date_gmt":"2026-04-24T02:07:25","guid":{"rendered":"https:\/\/www.newsrecorder.ro\/app\/2026\/04\/24\/tanczos-barna-austeritatea-nu-e-solutia-pentru-criza-bugetara\/"},"modified":"2026-04-24T02:07:25","modified_gmt":"2026-04-24T02:07:25","slug":"tanczos-barna-austeritatea-nu-e-solutia-pentru-criza-bugetara","status":"publish","type":"post","link":"https:\/\/www.newsrecorder.ro\/app\/2026\/04\/24\/tanczos-barna-austeritatea-nu-e-solutia-pentru-criza-bugetara\/","title":{"rendered":"Tanczos Barna: \u201eAusteritatea nu e solu\u021bia pentru criza bugetar\u0103!\u201d"},"content":{"rendered":"<p>\u00centr-un interviu acordat la Digi24, Tanczos Barna, vicepremierul Rom\u00e2niei, a abordat criza politic\u0103 actual\u0103 \u0219i impactul acesteia asupra economiei. El a subliniat c\u0103 aceast\u0103 situa\u021bie nu va genera un \u0219oc, ci va complica \u0219i mai mult eforturile de relansare economic\u0103. \u201eAm fi avut nevoie de calm, de lini\u0219te \u0219i de reforme, de m\u0103suri economice care s\u0103 ajute la relansarea economic\u0103\u201d, a declarat Tanczos Barna.<\/p>\n<p>Vicepremierul a adus \u00een discu\u021bie problema austerit\u0103\u021bii, afirm\u00e2nd c\u0103 aceasta nu a rezolvat niciodat\u0103 crizele bugetare. \u201eNic\u0103ieri austeritatea, doar austeritatea, n-a rezolvat nici o criz\u0103 bugetar\u0103. \u00cen nicio \u021bar\u0103. Nici \u00een Grecia, nici \u00een alte \u021b\u0103ri europene sau din alte col\u021buri ale lumii. Reducerile de cheltuieli \u0219i austeritatea nu sunt solu\u021bii viabile, mai ales c\u00e2nd plec\u0103m de la un deficit de 9,6% sau 9,3%\u201d, a explicat el.<\/p>\n<p>Tanczos Barna a subliniat importan\u021ba aplic\u0103rii unor ajust\u0103ri bugetare treptate, pentru a evita efectele negative asupra economiei. \u201eCorec\u021biile majore se resimt \u00een economie imediat. O corec\u021bie de 1,4% realizat\u0103 \u00een anul 2025 poate fi considerat\u0103 un rezultat extraordinar de pie\u021bele interna\u021bionale sau de Comisia European\u0103. \u00cens\u0103, este esen\u021bial s\u0103 ne amintim c\u0103, \u00een locuri unde s-au f\u0103cut corec\u021bii prea rapide \u0219i abrupte, s-au generat spirale ad\u00e2ncitoare ale crizei\u201d, a afirmat vicepremierul.<\/p>\n<p>\u00centrebat despre posibilele sale critici la adresa premierului Ilie Bolojan, Tanczos Barna a clarificat c\u0103, \u00een primele luni, nu au existat alternative dec\u00e2t respectarea cerin\u021belor impuse de Comisia European\u0103.<\/p>\n","protected":false},"excerpt":{"rendered":"<p>\u00centr-un interviu acordat la Digi24, Tanczos Barna, vicepremierul Rom\u00e2niei, a abordat criza politic\u0103 actual\u0103 \u0219i impactul acesteia asupra economiei. El a subliniat c\u0103 aceast\u0103 situa\u021bie nu va genera un \u0219oc, ci va complica \u0219i mai mult eforturile de relansare economic\u0103. \u201eAm fi avut nevoie de calm, de lini\u0219te \u0219i de reforme, de m\u0103suri economice care [&hellip;]<\/p>\n","protected":false},"author":4,"featured_media":15566,"comment_status":"open","ping_status":"open","sticky":false,"template":"","format":"standard","meta":{"jnews-multi-image_gallery":[],"jnews_single_post":[],"jnews_primary_category":[],"jnews_override_counter":[],"footnotes":""},"categories":[40],"tags":[6540,2613,4576,298,1752,2138,1684,4613],"class_list":["post-15565","post","type-post","status-publish","format-standard","has-post-thumbnail","hentry","category-econonie","tag-ajustari-bugetare","tag-austeritate","tag-criza-politica","tag-deficit-bugetar","tag-impact-economic","tag-masuri-economice","tag-relansare-economica","tag-tanczos-barna"],"_links":{"self":[{"href":"https:\/\/www.newsrecorder.ro\/app\/wp-json\/wp\/v2\/posts\/15565","targetHints":{"allow":["GET"]}}],"collection":[{"href":"https:\/\/www.newsrecorder.ro\/app\/wp-json\/wp\/v2\/posts"}],"about":[{"href":"https:\/\/www.newsrecorder.ro\/app\/wp-json\/wp\/v2\/types\/post"}],"author":[{"embeddable":true,"href":"https:\/\/www.newsrecorder.ro\/app\/wp-json\/wp\/v2\/users\/4"}],"replies":[{"embeddable":true,"href":"https:\/\/www.newsrecorder.ro\/app\/wp-json\/wp\/v2\/comments?post=15565"}],"version-history":[{"count":0,"href":"https:\/\/www.newsrecorder.ro\/app\/wp-json\/wp\/v2\/posts\/15565\/revisions"}],"wp:featuredmedia":[{"embeddable":true,"href":"https:\/\/www.newsrecorder.ro\/app\/wp-json\/wp\/v2\/media\/15566"}],"wp:attachment":[{"href":"https:\/\/www.newsrecorder.ro\/app\/wp-json\/wp\/v2\/media?parent=15565"}],"wp:term":[{"taxonomy":"category","embeddable":true,"href":"https:\/\/www.newsrecorder.ro\/app\/wp-json\/wp\/v2\/categories?post=15565"},{"taxonomy":"post_tag","embeddable":true,"href":"https:\/\/www.newsrecorder.ro\/app\/wp-json\/wp\/v2\/tags?post=15565"}],"curies":[{"name":"wp","href":"https:\/\/api.w.org\/{rel}","templated":true}]}}