{"id":15603,"date":"2026-04-24T07:10:41","date_gmt":"2026-04-24T07:10:41","guid":{"rendered":"https:\/\/www.newsrecorder.ro\/app\/2026\/04\/24\/trump-armistitiul-israel-hezbollah-extins-dar-tensiuni-sua-iran-cresc\/"},"modified":"2026-04-24T07:10:41","modified_gmt":"2026-04-24T07:10:41","slug":"trump-armistitiul-israel-hezbollah-extins-dar-tensiuni-sua-iran-cresc","status":"publish","type":"post","link":"https:\/\/www.newsrecorder.ro\/app\/2026\/04\/24\/trump-armistitiul-israel-hezbollah-extins-dar-tensiuni-sua-iran-cresc\/","title":{"rendered":"Trump: Armisti\u021biul Israel-Hezbollah extins, dar tensiuni SUA-Iran cresc!"},"content":{"rendered":"<p>Pre\u0219edintele Statelor Unite, Donald Trump, a anun\u021bat c\u0103 Israelul \u0219i Libanul au ajuns la un acord pentru a extinde armisti\u021biul cu Hezbollah cu o perioad\u0103 de trei s\u0103pt\u0103m\u00e2ni, \u00eenainte de expirarea acestuia. Aceast\u0103 decizie a fost luat\u0103 \u00een urma unei a doua runde de negocieri directe desf\u0103\u0219urate la Casa Alb\u0103, la care au participat ambasadorii celor dou\u0103 \u021b\u0103ri, Yechiel Leiter \u0219i Nada Hamadeh Moawad. Aceste \u00eent\u00e2lniri marcheaz\u0103 primele contacte diplomatice directe \u00eentre Israel \u0219i Liban \u00een ultimele decenii, conform unui raport publicat de <a href=\"https:\/\/www.euronews.com\/2026\/04\/24\/trump-says-israel-hezbollah-ceasefire-extended-by-three-weeks\" target=\"_blank\" rel=\"noopener\">Euronews<\/a>. Trump a caracterizat negocierile ca fiind \u201efoarte bune\u201d, dar a subliniat c\u0103 situa\u021bia r\u0103m\u00e2ne complex\u0103 din cauza influen\u021bei Hezbollah.<\/p>\n<p>\u00cen acest context, pre\u0219edintele american a reafirmat angajamentul Statelor Unite de a sprijini Libanul \u00een fa\u021ba amenin\u021b\u0103rilor reprezentate de Hezbollah, eviden\u021biind astfel rolul activ al Washingtonului \u00een men\u021binerea echilibrului de securitate \u00een regiune. De asemenea, Trump a anun\u021bat c\u0103, \u00een s\u0103pt\u0103m\u00e2nile urm\u0103toare, va primi la Washington pe premierul israelian Benjamin Netanyahu \u0219i pe pre\u0219edintele libanez Joseph Aoun.<\/p>\n<p>Pe de alt\u0103 parte, tensiunile din Golful Persic continu\u0103 s\u0103 reprezinte o preocupare major\u0103, \u00een special \u00een zona Str\u00e2mtorii Hormuz. Statele Unite \u0219i Iranul se confrunt\u0103 indirect, inclusiv prin interceptarea navelor comerciale. Trump a declarat c\u0103 a ordonat armatei americane s\u0103 reac\u021bioneze ferm \u00eempotriva oric\u0103ror \u00eencerc\u0103ri ale Iranului de a destabiliza regiunea, subliniind c\u0103 SUA de\u021bin \u201econtrol complet\u201d asupra str\u00e2mtorii. Pre\u0219edintele a ad\u0103ugat c\u0103 nu se gr\u0103be\u0219te s\u0103 finalizeze negocierile cu Iranul, sus\u021bin\u00e2nd c\u0103 presiunea se afl\u0103 de partea Teheranului.<\/p>\n<p>\u00cen r\u0103spuns la aceste acuza\u021bii, oficialii iranieni au negat afirma\u021biile privind instabilitatea intern\u0103 \u0219i au acuzat Statele Unite de sabotarea negocierilor prin blocade \u0219i amenin\u021b\u0103ri. Pre\u0219edintele iranian, Masoud Pezeshkian, a declarat c\u0103 Iranul r\u0103m\u00e2ne deschis dialogului, \u00een ciuda tensiunilor persistente. \u00cen acest context, situa\u021bia de securitate din sudul Libanului continu\u0103 s\u0103 fie fragil\u0103. Recent, sute de persoane au participat la funeraliile jurnalistei Amal Khalil, <a href=\"https:\/\/www.mediafax.ro\/externe\/jurnalista-libaneza-ucisa-in-timpul-serviciului-intr-un-atac-israelian-23724863\" target=\"_blank\" rel=\"noopener\">ucis\u0103 \u00eentr-un atac aerian israelian<\/a>. Autorit\u0103\u021bile libaneze au acuzat armata israelian\u0103 de vizarea zonei \u00een care se aflau jurnali\u0219ti \u0219i echipe de salvare, acuza\u021bii pe care partea israelian\u0103 le-a respins, anun\u021b\u00e2nd \u00een schimb o analiz\u0103 a incidentului.<\/p>\n","protected":false},"excerpt":{"rendered":"<p>Pre\u0219edintele Statelor Unite, Donald Trump, a anun\u021bat c\u0103 Israelul \u0219i Libanul au ajuns la un acord pentru a extinde armisti\u021biul cu Hezbollah cu o perioad\u0103 de trei s\u0103pt\u0103m\u00e2ni, \u00eenainte de expirarea acestuia. Aceast\u0103 decizie a fost luat\u0103 \u00een urma unei a doua runde de negocieri directe desf\u0103\u0219urate la Casa Alb\u0103, la care au participat ambasadorii [&hellip;]<\/p>\n","protected":false},"author":2,"featured_media":15604,"comment_status":"open","ping_status":"open","sticky":false,"template":"","format":"standard","meta":{"jnews-multi-image_gallery":[],"jnews_single_post":[],"jnews_primary_category":[],"jnews_override_counter":[],"footnotes":""},"categories":[39],"tags":[2209,1747,2185,268,2183,686,874,1735],"class_list":["post-15603","post","type-post","status-publish","format-standard","has-post-thumbnail","hentry","category-stirile-zilei","tag-armistitiu","tag-diplomatie","tag-hezbollah","tag-israel","tag-liban","tag-negocieri","tag-securitate","tag-trump"],"_links":{"self":[{"href":"https:\/\/www.newsrecorder.ro\/app\/wp-json\/wp\/v2\/posts\/15603","targetHints":{"allow":["GET"]}}],"collection":[{"href":"https:\/\/www.newsrecorder.ro\/app\/wp-json\/wp\/v2\/posts"}],"about":[{"href":"https:\/\/www.newsrecorder.ro\/app\/wp-json\/wp\/v2\/types\/post"}],"author":[{"embeddable":true,"href":"https:\/\/www.newsrecorder.ro\/app\/wp-json\/wp\/v2\/users\/2"}],"replies":[{"embeddable":true,"href":"https:\/\/www.newsrecorder.ro\/app\/wp-json\/wp\/v2\/comments?post=15603"}],"version-history":[{"count":0,"href":"https:\/\/www.newsrecorder.ro\/app\/wp-json\/wp\/v2\/posts\/15603\/revisions"}],"wp:featuredmedia":[{"embeddable":true,"href":"https:\/\/www.newsrecorder.ro\/app\/wp-json\/wp\/v2\/media\/15604"}],"wp:attachment":[{"href":"https:\/\/www.newsrecorder.ro\/app\/wp-json\/wp\/v2\/media?parent=15603"}],"wp:term":[{"taxonomy":"category","embeddable":true,"href":"https:\/\/www.newsrecorder.ro\/app\/wp-json\/wp\/v2\/categories?post=15603"},{"taxonomy":"post_tag","embeddable":true,"href":"https:\/\/www.newsrecorder.ro\/app\/wp-json\/wp\/v2\/tags?post=15603"}],"curies":[{"name":"wp","href":"https:\/\/api.w.org\/{rel}","templated":true}]}}