{"id":15645,"date":"2026-04-24T14:23:52","date_gmt":"2026-04-24T14:23:52","guid":{"rendered":"https:\/\/www.newsrecorder.ro\/app\/2026\/04\/24\/ilie-bolojan-contributia-la-pensii-cheia-pentru-spitalele-din-romania\/"},"modified":"2026-04-24T14:23:52","modified_gmt":"2026-04-24T14:23:52","slug":"ilie-bolojan-contributia-la-pensii-cheia-pentru-spitalele-din-romania","status":"publish","type":"post","link":"https:\/\/www.newsrecorder.ro\/app\/2026\/04\/24\/ilie-bolojan-contributia-la-pensii-cheia-pentru-spitalele-din-romania\/","title":{"rendered":"Ilie Bolojan: Contribu\u021bia la pensii, cheia pentru spitalele din Rom\u00e2nia!"},"content":{"rendered":"<p>Premierul Ilie Bolojan a discutat vineri, \u00een cadrul unei emisiuni la Europa FM, despre pozi\u021bia Guvernului \u00een leg\u0103tur\u0103 cu contribu\u021bia la asigur\u0103rile sociale de s\u0103n\u0103tate (CASS) aplicat\u0103 pensiilor care dep\u0103\u0219esc suma de 3.000 de lei.<\/p>\n<p>Acesta a subliniat c\u0103, ini\u021bial, existau 6,3 milioane de cet\u0103\u021beni care contribuiau la sistem, \u00een timp ce 16,5 milioane beneficiau de servicii medicale. \u201eAcum sunt, cred c\u0103, peste 10 milioane care pl\u0103tesc, poate 11, nu am datele exacte, \u0219i sunt tot 16,5 milioane de beneficiari\u201d, a afirmat Bolojan.<\/p>\n<p>Premierul a explicat c\u0103 aceast\u0103 contribu\u021bie este esen\u021bial\u0103 pentru func\u021bionarea spitalelor \u0219i pentru asigurarea calit\u0103\u021bii serviciilor medicale, preciz\u00e2nd c\u0103 f\u0103r\u0103 o baz\u0103 de finan\u021bare solid\u0103, sistemul nu poate func\u021biona eficient. \u201eVrem ca spitalele din Rom\u00e2nia s\u0103 func\u021bioneze? Vrem ca atunci c\u00e2nd ne ducem \u00eentr-un spital s\u0103 g\u0103sim un medic competent \u0219i medicamente? Atunci trebuie s\u0103 existe o form\u0103 de contribu\u021bie\u201d, a ad\u0103ugat el.<\/p>\n<p>Referitor la taxa aplicat\u0103 pensiilor mai mari de 3.000 de lei, premierul a subliniat c\u0103 aceasta are rolul de a sus\u021bine sistemul medical. \u201eAcest 10%, aplicat pe diferen\u021ba dintre pensia care dep\u0103\u0219e\u0219te 3.000 de lei \u0219i 3.000 de lei, este o sum\u0103 pe care, cu tot respectul, fiecare persoan\u0103 care ajunge \u00eentr-un spital ar trebui s\u0103 o pl\u0103teasc\u0103. Este o form\u0103 de contribu\u021bie. Lucrurile nu func\u021bioneaz\u0103 altfel\u201d, a conchis Ilie Bolojan.<\/p>\n","protected":false},"excerpt":{"rendered":"<p>Premierul Ilie Bolojan a discutat vineri, \u00een cadrul unei emisiuni la Europa FM, despre pozi\u021bia Guvernului \u00een leg\u0103tur\u0103 cu contribu\u021bia la asigur\u0103rile sociale de s\u0103n\u0103tate (CASS) aplicat\u0103 pensiilor care dep\u0103\u0219esc suma de 3.000 de lei. Acesta a subliniat c\u0103, ini\u021bial, existau 6,3 milioane de cet\u0103\u021beni care contribuiau la sistem, \u00een timp ce 16,5 milioane beneficiau [&hellip;]<\/p>\n","protected":false},"author":4,"featured_media":15646,"comment_status":"open","ping_status":"open","sticky":false,"template":"","format":"standard","meta":{"jnews-multi-image_gallery":[],"jnews_single_post":[],"jnews_primary_category":[],"jnews_override_counter":[],"footnotes":""},"categories":[40],"tags":[2591,18086,301,2385,4084,149,6948,2973],"class_list":["post-15645","post","type-post","status-publish","format-standard","has-post-thumbnail","hentry","category-econonie","tag-asigurari-sociale","tag-contributie","tag-guvern","tag-iliescu","tag-pensii","tag-romania","tag-servicii-medicale","tag-spitale"],"_links":{"self":[{"href":"https:\/\/www.newsrecorder.ro\/app\/wp-json\/wp\/v2\/posts\/15645","targetHints":{"allow":["GET"]}}],"collection":[{"href":"https:\/\/www.newsrecorder.ro\/app\/wp-json\/wp\/v2\/posts"}],"about":[{"href":"https:\/\/www.newsrecorder.ro\/app\/wp-json\/wp\/v2\/types\/post"}],"author":[{"embeddable":true,"href":"https:\/\/www.newsrecorder.ro\/app\/wp-json\/wp\/v2\/users\/4"}],"replies":[{"embeddable":true,"href":"https:\/\/www.newsrecorder.ro\/app\/wp-json\/wp\/v2\/comments?post=15645"}],"version-history":[{"count":0,"href":"https:\/\/www.newsrecorder.ro\/app\/wp-json\/wp\/v2\/posts\/15645\/revisions"}],"wp:featuredmedia":[{"embeddable":true,"href":"https:\/\/www.newsrecorder.ro\/app\/wp-json\/wp\/v2\/media\/15646"}],"wp:attachment":[{"href":"https:\/\/www.newsrecorder.ro\/app\/wp-json\/wp\/v2\/media?parent=15645"}],"wp:term":[{"taxonomy":"category","embeddable":true,"href":"https:\/\/www.newsrecorder.ro\/app\/wp-json\/wp\/v2\/categories?post=15645"},{"taxonomy":"post_tag","embeddable":true,"href":"https:\/\/www.newsrecorder.ro\/app\/wp-json\/wp\/v2\/tags?post=15645"}],"curies":[{"name":"wp","href":"https:\/\/api.w.org\/{rel}","templated":true}]}}