{"id":15661,"date":"2026-04-24T15:57:19","date_gmt":"2026-04-24T15:57:19","guid":{"rendered":"https:\/\/www.newsrecorder.ro\/app\/2026\/04\/24\/tudor-gheorghe-externat-dupa-accidentul-din-hotelul-din-iasi\/"},"modified":"2026-04-24T15:57:19","modified_gmt":"2026-04-24T15:57:19","slug":"tudor-gheorghe-externat-dupa-accidentul-din-hotelul-din-iasi","status":"publish","type":"post","link":"https:\/\/www.newsrecorder.ro\/app\/2026\/04\/24\/tudor-gheorghe-externat-dupa-accidentul-din-hotelul-din-iasi\/","title":{"rendered":"Tudor Gheorghe, externat dup\u0103 accidentul din hotelul din Ia\u0219i!"},"content":{"rendered":"<p><em><strong>UPDATE:<\/strong><\/em> Potrivit surselor medicale, Tudor Gheorghe a fost externat din Spitalul de Neurochirurgie din Ia\u0219i, unde a fost internat de urgen\u021b\u0103. Artistul a primit toate \u00eengrijirile necesare \u0219i a fost l\u0103sat s\u0103 p\u0103r\u0103seasc\u0103 unitatea sanitar\u0103.<\/p>\n<p><em><strong>\u0218TIREA INI\u021aIAL\u0102:<\/strong><\/em> Tudor Gheorghe a fost transportat de urgen\u021b\u0103 la Spitalul Clinic de Urgen\u021b\u0103 \u201eProf. dr. N. Oblu\u201d din Ia\u0219i, o unitate specializat\u0103 \u00een neurochirurgie, dup\u0103 ce a suferit o c\u0103dere \u00een baia hotelului \u00een care era cazat.<\/p>\n<p>\u00cen acest context, Poli\u021bia a demarat o anchet\u0103 pentru a clarifica \u00eemprejur\u0103rile incidentului. <\/p>\n<p><em><strong>\u201ePe data de 23 aprilie a.c., Sec\u021bia nr. 3 Poli\u021bie Ia\u0219i a fost informat\u0103, prin apel 112, de un b\u0103rbat \u00een v\u00e2rst\u0103 de 52 de ani, despre faptul c\u0103 tat\u0103l s\u0103u, \u00een v\u00e2rst\u0103 de 80 de ani, a c\u0103zut \u0219i s-a lovit la cap \u00een incinta unui hotel din municipiul Ia\u0219i. La fa\u021ba locului au fost trimise echipe de poli\u021bie \u0219i un echipaj medical, care au confirmat cele raportate. B\u0103rbatul de 80 de ani a fost transportat la o unitate medical\u0103 pentru \u00eengrijiri. Ancheta este \u00een curs de desf\u0103\u0219urare\u201d,<\/strong><\/em> a declarat Poli\u021bia Ia\u0219i \u00eentr-un comunicat transmis vineri.<\/p>\n<p>Surse din domeniul medical au precizat pentru MEDIAFAX c\u0103 starea de s\u0103n\u0103tate a artistului nu este grav\u0103.<\/p>\n<p>Recent, Tudor Gheorghe a sus\u021binut un concert la Teatrul Na\u021bional Vasile Alecsandri din Ia\u0219i, iar s\u00e2mb\u0103ta urm\u0103toare era programat s\u0103 aib\u0103 un alt concert la Bac\u0103u.<\/p>\n","protected":false},"excerpt":{"rendered":"<p>UPDATE: Potrivit surselor medicale, Tudor Gheorghe a fost externat din Spitalul de Neurochirurgie din Ia\u0219i, unde a fost internat de urgen\u021b\u0103. Artistul a primit toate \u00eengrijirile necesare \u0219i a fost l\u0103sat s\u0103 p\u0103r\u0103seasc\u0103 unitatea sanitar\u0103. \u0218TIREA INI\u021aIAL\u0102: Tudor Gheorghe a fost transportat de urgen\u021b\u0103 la Spitalul Clinic de Urgen\u021b\u0103 \u201eProf. dr. N. Oblu\u201d din Ia\u0219i, [&hellip;]<\/p>\n","protected":false},"author":7,"featured_media":15662,"comment_status":"open","ping_status":"open","sticky":false,"template":"","format":"standard","meta":{"jnews-multi-image_gallery":[],"jnews_single_post":[],"jnews_primary_category":[],"jnews_override_counter":[],"footnotes":""},"categories":[43],"tags":[817,18100,1947,1355,18034,505,1855,18033],"class_list":["post-15661","post","type-post","status-publish","format-standard","has-post-thumbnail","hentry","category-cultura","tag-ancheta","tag-cadere","tag-iasi","tag-incident","tag-neurochirurgie","tag-politie","tag-spital","tag-tudor-gheorghe"],"_links":{"self":[{"href":"https:\/\/www.newsrecorder.ro\/app\/wp-json\/wp\/v2\/posts\/15661","targetHints":{"allow":["GET"]}}],"collection":[{"href":"https:\/\/www.newsrecorder.ro\/app\/wp-json\/wp\/v2\/posts"}],"about":[{"href":"https:\/\/www.newsrecorder.ro\/app\/wp-json\/wp\/v2\/types\/post"}],"author":[{"embeddable":true,"href":"https:\/\/www.newsrecorder.ro\/app\/wp-json\/wp\/v2\/users\/7"}],"replies":[{"embeddable":true,"href":"https:\/\/www.newsrecorder.ro\/app\/wp-json\/wp\/v2\/comments?post=15661"}],"version-history":[{"count":0,"href":"https:\/\/www.newsrecorder.ro\/app\/wp-json\/wp\/v2\/posts\/15661\/revisions"}],"wp:featuredmedia":[{"embeddable":true,"href":"https:\/\/www.newsrecorder.ro\/app\/wp-json\/wp\/v2\/media\/15662"}],"wp:attachment":[{"href":"https:\/\/www.newsrecorder.ro\/app\/wp-json\/wp\/v2\/media?parent=15661"}],"wp:term":[{"taxonomy":"category","embeddable":true,"href":"https:\/\/www.newsrecorder.ro\/app\/wp-json\/wp\/v2\/categories?post=15661"},{"taxonomy":"post_tag","embeddable":true,"href":"https:\/\/www.newsrecorder.ro\/app\/wp-json\/wp\/v2\/tags?post=15661"}],"curies":[{"name":"wp","href":"https:\/\/api.w.org\/{rel}","templated":true}]}}