{"id":15681,"date":"2026-04-24T16:41:55","date_gmt":"2026-04-24T16:41:55","guid":{"rendered":"https:\/\/www.newsrecorder.ro\/app\/2026\/04\/24\/nicusor-dan-anularile-de-zboruri-in-romania-risc-pe-termen-mediu\/"},"modified":"2026-04-24T16:41:55","modified_gmt":"2026-04-24T16:41:55","slug":"nicusor-dan-anularile-de-zboruri-in-romania-risc-pe-termen-mediu","status":"publish","type":"post","link":"https:\/\/www.newsrecorder.ro\/app\/2026\/04\/24\/nicusor-dan-anularile-de-zboruri-in-romania-risc-pe-termen-mediu\/","title":{"rendered":"Nicu\u0219or Dan: Anul\u0103rile de zboruri \u00een Rom\u00e2nia, risc pe termen mediu!"},"content":{"rendered":"<p>Pre\u0219edintele Rom\u00e2niei, Nicu\u0219or Dan, a f\u0103cut declara\u021bii vineri, la \u00eencheierea reuniunii informale a Consiliului European ce a avut loc \u00een Nicosia, subliniind c\u0103 starea aprovizion\u0103rii cu kerosen \u00een Europa prezint\u0103 \u00eengrijor\u0103ri, \u00eens\u0103 Rom\u00e2nia nu se afl\u0103 \u00een pericol \u00een perioada imediat urm\u0103toare.<\/p>\n<p>\u00cen contextul \u00eentreb\u0103rilor legate de impactul crizei carburan\u021bilor asupra zborurilor din aceast\u0103 var\u0103, pre\u0219edintele a explicat c\u0103 discu\u021biile purtate \u00een Cipru s-au concentrat pe riscurile imediate \u0219i pe cele ce ar putea ap\u0103rea \u00een viitor, \u00een cadrul conflictului din Orientul Mijlociu.<\/p>\n<p>\u201eExist\u0103 probleme pe termen scurt \u0219i o perspectiv\u0103 \u00eengrijor\u0103toare pe termen mediu. \u00cen cadrul discu\u021biilor de asear\u0103, legate de situa\u021bia din Orientul Mijlociu, s-a abordat \u0219i subiectul energetic, dar s-a pus accent pe problemele imediate. \u00cen plus, din cauza semnalelor \u00eengrijor\u0103toare venite de la Agen\u021bia Interna\u021bional\u0103 pentru Energie \u0219i de la al\u021bi speciali\u0219ti, ne-am angajat s\u0103 avem o discu\u021bie viitoare pentru a analiza evenimentele pe termen mediu\u201d, a declarat Nicu\u0219or Dan.<\/p>\n<p>Referitor la zborurile din Rom\u00e2nia, pre\u0219edintele a men\u021bionat c\u0103 autorit\u0103\u021bile au evaluat situa\u021bia \u00eempreun\u0103 cu Guvernul \u0219i companiile din domeniu, asigur\u00e2nd c\u0103, pe termen scurt, nu exist\u0103 motive de \u00eengrijorare pentru pasageri.<\/p>\n<p>\u201eAm avut o \u00eent\u00e2lnire acum dou\u0103 sau trei s\u0103pt\u0103m\u00e2ni cu primul ministru, cu ministrul transporturilor, cu ministrul energiei, \u0219i cu reprezentan\u021bi ai unor mari companii care activeaz\u0103 pe pia\u021ba din Rom\u00e2nia. Nu exist\u0103 un risc pe termen scurt; \u00een urm\u0103toarele 3-4 luni nu suntem afecta\u021bi de nimic. Preocuparea noastr\u0103 se concentreaz\u0103 pe termen mediu, \u00een func\u021bie de evolu\u021bia r\u0103zboiului \u0219i a traficului prin Str\u00e2mtoare\u201d, a explicat Nicu\u0219or Dan.<\/p>\n<p>\u00cen plus, pre\u0219edintele a subliniat c\u0103 autorit\u0103\u021bile vor continua s\u0103 monitorizeze situa\u021bia \u0219i vor reveni cu evalu\u0103ri periodice.<\/p>\n<p>\u201eAm convenit s\u0103 ne \u00eent\u00e2lnim din nou \u00een termen de o lun\u0103 pentru a verifica dac\u0103 exist\u0103 elemente noi\u201d, a ad\u0103ugat Nicu\u0219or Dan.<\/p>\n","protected":false},"excerpt":{"rendered":"<p>Pre\u0219edintele Rom\u00e2niei, Nicu\u0219or Dan, a f\u0103cut declara\u021bii vineri, la \u00eencheierea reuniunii informale a Consiliului European ce a avut loc \u00een Nicosia, subliniind c\u0103 starea aprovizion\u0103rii cu kerosen \u00een Europa prezint\u0103 \u00eengrijor\u0103ri, \u00eens\u0103 Rom\u00e2nia nu se afl\u0103 \u00een pericol \u00een perioada imediat urm\u0103toare. \u00cen contextul \u00eentreb\u0103rilor legate de impactul crizei carburan\u021bilor asupra zborurilor din aceast\u0103 var\u0103, [&hellip;]<\/p>\n","protected":false},"author":2,"featured_media":15682,"comment_status":"open","ping_status":"open","sticky":false,"template":"","format":"standard","meta":{"jnews-multi-image_gallery":[],"jnews_single_post":[],"jnews_primary_category":[],"jnews_override_counter":[],"footnotes":""},"categories":[42],"tags":[3418,291,13396,191,16514,286,2211,149],"class_list":["post-15681","post","type-post","status-publish","format-standard","has-post-thumbnail","hentry","category-politica","tag-aprovizionare","tag-consiliul-european","tag-criza-carburantilor","tag-energie","tag-kerosen","tag-nicusor-dan","tag-orientul-mijlociu","tag-romania"],"_links":{"self":[{"href":"https:\/\/www.newsrecorder.ro\/app\/wp-json\/wp\/v2\/posts\/15681","targetHints":{"allow":["GET"]}}],"collection":[{"href":"https:\/\/www.newsrecorder.ro\/app\/wp-json\/wp\/v2\/posts"}],"about":[{"href":"https:\/\/www.newsrecorder.ro\/app\/wp-json\/wp\/v2\/types\/post"}],"author":[{"embeddable":true,"href":"https:\/\/www.newsrecorder.ro\/app\/wp-json\/wp\/v2\/users\/2"}],"replies":[{"embeddable":true,"href":"https:\/\/www.newsrecorder.ro\/app\/wp-json\/wp\/v2\/comments?post=15681"}],"version-history":[{"count":0,"href":"https:\/\/www.newsrecorder.ro\/app\/wp-json\/wp\/v2\/posts\/15681\/revisions"}],"wp:featuredmedia":[{"embeddable":true,"href":"https:\/\/www.newsrecorder.ro\/app\/wp-json\/wp\/v2\/media\/15682"}],"wp:attachment":[{"href":"https:\/\/www.newsrecorder.ro\/app\/wp-json\/wp\/v2\/media?parent=15681"}],"wp:term":[{"taxonomy":"category","embeddable":true,"href":"https:\/\/www.newsrecorder.ro\/app\/wp-json\/wp\/v2\/categories?post=15681"},{"taxonomy":"post_tag","embeddable":true,"href":"https:\/\/www.newsrecorder.ro\/app\/wp-json\/wp\/v2\/tags?post=15681"}],"curies":[{"name":"wp","href":"https:\/\/api.w.org\/{rel}","templated":true}]}}