{"id":15687,"date":"2026-04-24T19:43:04","date_gmt":"2026-04-24T19:43:04","guid":{"rendered":"https:\/\/www.newsrecorder.ro\/app\/2026\/04\/24\/racire-neasteptata-in-romania-anm-prezinta-prognoza-pentru-20-apr-18-mai\/"},"modified":"2026-04-24T19:43:04","modified_gmt":"2026-04-24T19:43:04","slug":"racire-neasteptata-in-romania-anm-prezinta-prognoza-pentru-20-apr-18-mai","status":"publish","type":"post","link":"https:\/\/www.newsrecorder.ro\/app\/2026\/04\/24\/racire-neasteptata-in-romania-anm-prezinta-prognoza-pentru-20-apr-18-mai\/","title":{"rendered":"R\u0103cire nea\u0219teptat\u0103 \u00een Rom\u00e2nia: ANM prezint\u0103 prognoza pentru 20 apr &#8211; 18 mai"},"content":{"rendered":"<p class=\"font-claude-response-body break-words whitespace-normal leading-[1.7]\">\u00cen s\u0103pt\u0103m\u00e2na 20 &#8211; 27 aprilie, Rom\u00e2nia se va confrunta cu temperaturi mai sc\u0103zute dec\u00e2t cele obi\u0219nuite pentru aceast\u0103 perioad\u0103, conform prognozei emise de ANM. Valorile termice vor fi semnificativ sub medie \u00een majoritatea regiunilor \u021b\u0103rii.<\/p>\n<p class=\"font-claude-response-body break-words whitespace-normal leading-[1.7]\">\u00cen ceea ce prive\u0219te precipita\u021biile, se preconizeaz\u0103 un deficit \u00een regiunile vestice, sud-vestice \u0219i sud-estice. Pe de alt\u0103 parte, \u00een restul \u021b\u0103rii, cantit\u0103\u021bile de precipita\u021bii se vor \u00eencadra \u00een limitele normale pentru acest interval de timp.<\/p>\n<p class=\"font-claude-response-body break-words whitespace-normal leading-[1.7]\">Pentru s\u0103pt\u0103m\u00e2na 27 aprilie &#8211; 4 mai, ANM prezice o anomalie termic\u0103 ce va afecta \u00eentreaga \u021bar\u0103. Temperaturile vor r\u0103m\u00e2ne cu mult sub normele climatologice. Precipita\u021biile vor fi insuficiente \u00een regiunile vestice \u0219i nord-vestice, \u00eens\u0103 \u00een sud-est se a\u0219teapt\u0103 un u\u0219or excedent, \u00een timp ce restul \u021b\u0103rii se va men\u021bine \u00een limite normale.<\/p>\n<p class=\"font-claude-response-body break-words whitespace-normal leading-[1.7]\">\u00centre 4 \u0219i 11 mai, se va observa o u\u0219oar\u0103 revenire a temperaturilor, care vor fi apropiate de valorile normale pentru aceast\u0103 perioad\u0103 \u00een majoritatea regiunilor. Totu\u0219i, precipita\u021biile vor continua s\u0103 fie deficitare, \u00een special \u00een regiunile vestice \u0219i sud-vestice, iar \u00een restul \u021b\u0103rii se vor \u00eencadra \u00een jurul normelor climatologice.<\/p>\n<p class=\"font-claude-response-body break-words whitespace-normal leading-[1.7]\">\u00cen s\u0103pt\u0103m\u00e2na 11 &#8211; 18 mai, vremea va deveni mai apropiat\u0103 de normalul sezonier. Regimul termic va fi similar cu cel obi\u0219nuit \u00een majoritatea regiunilor, iar precipita\u021biile vor fi \u00een general normale pentru acest interval de timp. Prognoza meteo semnaleaz\u0103 o stabilizare treptat\u0103 fa\u021b\u0103 de s\u0103pt\u0103m\u00e2nile anterioare.<\/p>\n","protected":false},"excerpt":{"rendered":"<p>\u00cen s\u0103pt\u0103m\u00e2na 20 &#8211; 27 aprilie, Rom\u00e2nia se va confrunta cu temperaturi mai sc\u0103zute dec\u00e2t cele obi\u0219nuite pentru aceast\u0103 perioad\u0103, conform prognozei emise de ANM. Valorile termice vor fi semnificativ sub medie \u00een majoritatea regiunilor \u021b\u0103rii. \u00cen ceea ce prive\u0219te precipita\u021biile, se preconizeaz\u0103 un deficit \u00een regiunile vestice, sud-vestice \u0219i sud-estice. Pe de alt\u0103 parte, [&hellip;]<\/p>\n","protected":false},"author":5,"featured_media":15688,"comment_status":"open","ping_status":"open","sticky":false,"template":"","format":"standard","meta":{"jnews-multi-image_gallery":[],"jnews_single_post":[],"jnews_primary_category":[],"jnews_override_counter":[],"footnotes":""},"categories":[45],"tags":[4329,18109,8442,135,132,4034,149,126],"class_list":["post-15687","post","type-post","status-publish","format-standard","has-post-thumbnail","hentry","category-meteo","tag-anomalii-termice","tag-aprilie-mai","tag-meteo","tag-precipitatii","tag-prognoza","tag-regiuni","tag-romania","tag-temperaturi"],"_links":{"self":[{"href":"https:\/\/www.newsrecorder.ro\/app\/wp-json\/wp\/v2\/posts\/15687","targetHints":{"allow":["GET"]}}],"collection":[{"href":"https:\/\/www.newsrecorder.ro\/app\/wp-json\/wp\/v2\/posts"}],"about":[{"href":"https:\/\/www.newsrecorder.ro\/app\/wp-json\/wp\/v2\/types\/post"}],"author":[{"embeddable":true,"href":"https:\/\/www.newsrecorder.ro\/app\/wp-json\/wp\/v2\/users\/5"}],"replies":[{"embeddable":true,"href":"https:\/\/www.newsrecorder.ro\/app\/wp-json\/wp\/v2\/comments?post=15687"}],"version-history":[{"count":0,"href":"https:\/\/www.newsrecorder.ro\/app\/wp-json\/wp\/v2\/posts\/15687\/revisions"}],"wp:featuredmedia":[{"embeddable":true,"href":"https:\/\/www.newsrecorder.ro\/app\/wp-json\/wp\/v2\/media\/15688"}],"wp:attachment":[{"href":"https:\/\/www.newsrecorder.ro\/app\/wp-json\/wp\/v2\/media?parent=15687"}],"wp:term":[{"taxonomy":"category","embeddable":true,"href":"https:\/\/www.newsrecorder.ro\/app\/wp-json\/wp\/v2\/categories?post=15687"},{"taxonomy":"post_tag","embeddable":true,"href":"https:\/\/www.newsrecorder.ro\/app\/wp-json\/wp\/v2\/tags?post=15687"}],"curies":[{"name":"wp","href":"https:\/\/api.w.org\/{rel}","templated":true}]}}