{"id":15725,"date":"2026-04-24T21:15:33","date_gmt":"2026-04-24T21:15:33","guid":{"rendered":"https:\/\/www.newsrecorder.ro\/app\/2026\/04\/24\/sfantul-gheorghe-traditii-ramuri-verzi-si-primavara-infloritoare\/"},"modified":"2026-04-24T21:15:33","modified_gmt":"2026-04-24T21:15:33","slug":"sfantul-gheorghe-traditii-ramuri-verzi-si-primavara-infloritoare","status":"publish","type":"post","link":"https:\/\/www.newsrecorder.ro\/app\/2026\/04\/24\/sfantul-gheorghe-traditii-ramuri-verzi-si-primavara-infloritoare\/","title":{"rendered":"Sf\u00e2ntul Gheorghe: Traditii, Ramuri Verzi \u0219i Prim\u0103vara \u00eenfloritoare!"},"content":{"rendered":"<p style=\"text-align: left\">Pe 23 aprilie, s\u0103rb\u0103toarea Sf\u00e2ntului Gheorghe nu este doar un moment de rug\u0103ciune, ci \u0219i o zi plin\u0103 de tradi\u021bii populare care celebreaz\u0103 protec\u021bia, fertilitatea \u0219i rena\u0219terea naturii.<\/p>\n<p style=\"text-align: left\">Una dintre cele mai \u00eent\u00e2lnite tradi\u021bii este \u00eempodobirea gospod\u0103riilor cu ramuri verzi. Oamenii pun crengi de salcie, fag, stejar sau frasin la por\u021bi, u\u0219i, feronerie, grajduri \u0219i chiar la f\u00e2nt\u00e2ni. Aceste gesturi nu sunt doar decorative, ci au rolul de a proteja gospod\u0103ria. Conform credin\u021belor populare, crengile ap\u0103r\u0103 casa, animalele \u0219i culturile de spirite malefice, boli \u0219i farmece. \u00cen anumite zone din Transilvania \u0219i Moldova, se utilizeaz\u0103 \u0219i crengu\u021be de leu\u0219tean la intrarea grajdului, av\u00e2nd ca scop protec\u021bia animalelor.<\/p>\n<p style=\"text-align: left\">Pe l\u00e2ng\u0103 ramurile verzi, la por\u021bi se adaug\u0103, uneori, brazde de iarb\u0103 proasp\u0103t\u0103 sau flori de prim\u0103var\u0103, simboliz\u00e2nd re\u00eenviorarea naturii dup\u0103 rigorile iernii.<\/p>\n<p style=\"text-align: left\">De asemenea, aceast\u0103 zi este asociat\u0103 cu ritualuri menite s\u0103 asigure s\u0103n\u0103tatea. \u00cen tradi\u021bia popular\u0103, femeile din mediul rural se spal\u0103 diminea\u021ba cu rou\u0103, considerat\u0103 un elixir pentru frumuse\u021be \u0219i vitalitate. Practicile variaz\u0103 de la o regiune la alta; \u00een special \u00een Moldova \u0219i sudul \u021b\u0103rii, oamenii rostesc desc\u00e2ntece pentru a aduce spor \u0219i bel\u0219ug, respect\u00e2nd obiceiuri menite s\u0103 le aduc\u0103 noroc pe parcursul \u00eentregului an.<\/p>\n<p style=\"text-align: left\">S\u0103rb\u0103toarea Sf\u00e2ntului Gheorghe, cunoscut\u0103 \u0219i sub numele de S\u00e2ngiorz, marcheaz\u0103 \u0219i \u00eenceputul anului pastoral. Aceast\u0103 perioad\u0103 este dedicat\u0103 \u201em\u0103suratului laptelui\u201d, un ritual prin care se stabile\u0219te cantitatea de lapte produs\u0103 de fiecare oaie \u00een turmele comune. De asemenea, este momentul \u00een care turmele sunt conduse la p\u0103\u0219unat, \u00eencep\u00e2nd astfel sezonul de var\u0103.<\/p>\n<p style=\"text-align: left\">\u00cen tradi\u021bia popular\u0103, Sf\u00e2ntul Gheorghe este considerat \u201ecapul prim\u0103verii\u201d \u0219i simbolizeaz\u0103 deschiderea drumului naturii c\u0103tre via\u021b\u0103. Se spune c\u0103 la auzul primelor broa\u0219te, sf\u00e2ntul prime\u0219te simbolic cheile anotimpului cald de la Sf\u00e2ntul Dumitru, marc\u00e2nd \u00eenceputul ciclului vegeta\u021biei \u0219i \u00eenverzirea naturii sub protec\u021bia sa.<\/p>\n<p style=\"text-align: left\">\u00cen acest context, S\u00e2ngiorzul deschide ciclul vegeta\u021biei \u0219i semnific\u0103 intrarea \u00een anotimpul cald, care se \u00eencheie la Sf\u00e2ntul Dumitru. Cei doi sfin\u021bi sunt considera\u021bi \u201estr\u0103jeri ai timpului\u201d, av\u00e2nd \u00eencredin\u021bate simbolic cheile vremii.<\/p>\n<p style=\"text-align: left\">Conform tradi\u021biei cre\u0219tine, Sf\u00e2ntul Gheorghe s-a n\u0103scut \u00een Cappadocia \u00eentr-o familie cre\u0219tin\u0103, \u00een timpul domniei \u00eemp\u0103ratului Diocle\u021bian. A fost ofi\u021ber \u00een armata roman\u0103, dar a ales s\u0103-\u0219i declare public credin\u021ba, \u00een ciuda persecu\u021biilor. Din cauza acestui act de curaj, a fost arestat \u0219i supus unor torturi severe, r\u0103m\u00e2n\u00e2nd fidel credin\u021bei sale p\u00e2n\u0103 la martirizare.<\/p>\n","protected":false},"excerpt":{"rendered":"<p>Pe 23 aprilie, s\u0103rb\u0103toarea Sf\u00e2ntului Gheorghe nu este doar un moment de rug\u0103ciune, ci \u0219i o zi plin\u0103 de tradi\u021bii populare care celebreaz\u0103 protec\u021bia, fertilitatea \u0219i rena\u0219terea naturii. Una dintre cele mai \u00eent\u00e2lnite tradi\u021bii este \u00eempodobirea gospod\u0103riilor cu ramuri verzi. Oamenii pun crengi de salcie, fag, stejar sau frasin la por\u021bi, u\u0219i, feronerie, grajduri \u0219i [&hellip;]<\/p>\n","protected":false},"author":7,"featured_media":15726,"comment_status":"open","ping_status":"open","sticky":false,"template":"","format":"standard","meta":{"jnews-multi-image_gallery":[],"jnews_single_post":[],"jnews_primary_category":[],"jnews_override_counter":[],"footnotes":""},"categories":[43],"tags":[18117,2414,3819,6900,7076,18116,18118,10205],"class_list":["post-15725","post","type-post","status-publish","format-standard","has-post-thumbnail","hentry","category-cultura","tag-crengi-verzi","tag-fertilitate","tag-protectie","tag-renasterea-naturii","tag-ritualuri","tag-sfantul-gheorghe","tag-spirite-malefice","tag-traditii-populare"],"_links":{"self":[{"href":"https:\/\/www.newsrecorder.ro\/app\/wp-json\/wp\/v2\/posts\/15725","targetHints":{"allow":["GET"]}}],"collection":[{"href":"https:\/\/www.newsrecorder.ro\/app\/wp-json\/wp\/v2\/posts"}],"about":[{"href":"https:\/\/www.newsrecorder.ro\/app\/wp-json\/wp\/v2\/types\/post"}],"author":[{"embeddable":true,"href":"https:\/\/www.newsrecorder.ro\/app\/wp-json\/wp\/v2\/users\/7"}],"replies":[{"embeddable":true,"href":"https:\/\/www.newsrecorder.ro\/app\/wp-json\/wp\/v2\/comments?post=15725"}],"version-history":[{"count":0,"href":"https:\/\/www.newsrecorder.ro\/app\/wp-json\/wp\/v2\/posts\/15725\/revisions"}],"wp:featuredmedia":[{"embeddable":true,"href":"https:\/\/www.newsrecorder.ro\/app\/wp-json\/wp\/v2\/media\/15726"}],"wp:attachment":[{"href":"https:\/\/www.newsrecorder.ro\/app\/wp-json\/wp\/v2\/media?parent=15725"}],"wp:term":[{"taxonomy":"category","embeddable":true,"href":"https:\/\/www.newsrecorder.ro\/app\/wp-json\/wp\/v2\/categories?post=15725"},{"taxonomy":"post_tag","embeddable":true,"href":"https:\/\/www.newsrecorder.ro\/app\/wp-json\/wp\/v2\/tags?post=15725"}],"curies":[{"name":"wp","href":"https:\/\/api.w.org\/{rel}","templated":true}]}}