{"id":15737,"date":"2026-04-24T21:17:46","date_gmt":"2026-04-24T21:17:46","guid":{"rendered":"https:\/\/www.newsrecorder.ro\/app\/2026\/04\/24\/regele-charles-onoreaza-memoria-11-septembrie-alaturi-de-primarul-nyc\/"},"modified":"2026-04-24T21:17:46","modified_gmt":"2026-04-24T21:17:46","slug":"regele-charles-onoreaza-memoria-11-septembrie-alaturi-de-primarul-nyc","status":"publish","type":"post","link":"https:\/\/www.newsrecorder.ro\/app\/2026\/04\/24\/regele-charles-onoreaza-memoria-11-septembrie-alaturi-de-primarul-nyc\/","title":{"rendered":"Regele Charles onoreaz\u0103 memoria 11 septembrie al\u0103turi de primarul NYC!"},"content":{"rendered":"<p>Regele Charles \u0219i primarul New York-ului, Zohran Mamdani, se vor al\u0103tura la ceremonia de depunere de coroane, conform anun\u021bului f\u0103cut de biroul de pres\u0103 al Prim\u0103riei din New York, citat de <a style=\"color: #0000ff\" href=\"https:\/\/www.reuters.com\/world\/king-charles-attend-911-event-with-new-york-mayor-mamdani-2026-04-24\/\">Reuters<\/a>. Cu toate acestea, se precizeaz\u0103 c\u0103 nu va avea loc o \u00eent\u00e2lnire privat\u0103 \u00eentre cei doi.<\/p>\n<p>Acest eveniment solemn se va desf\u0103\u0219ura la memorialul dedicat victimelor atacurilor teroriste de la World Trade Center, unde peste 2.600 de persoane \u0219i-au pierdut via\u021ba, inclusiv 67 de cet\u0103\u021beni britanici.<\/p>\n<p>Vizita oficial\u0103 a suveranului britanic \u00een Statele Unite este programat\u0103 \u00eentre 27 \u0219i 30 aprilie, av\u00e2nd \u00een vedere opriri \u00een ora\u0219ele Washington, New York \u0219i statul Virginia. Un moment deosebit al acestei vizite va fi discursul pe care Charles \u00eel va sus\u021bine \u00een fa\u021ba Congresului SUA, devenind astfel primul monarh britanic care vorbe\u0219te \u00een aceast\u0103 institu\u021bie dup\u0103 regina Elisabeta a II-a, care a f\u0103cut acela\u0219i lucru \u00een 1991.<\/p>\n<p>\u00cen plus, pre\u0219edintele Statelor Unite, Donald Trump, se va \u00eent\u00e2lni cu regele Charles pentru o \u00eentrevedere privat\u0103 \u0219i va organiza un dineu oficial \u00een onoarea acestuia.<\/p>\n<p>Visita va avea loc pe fondul unor tensiuni bilaterale, generate de nemul\u021bumirea Washingtonului fa\u021b\u0103 de percep\u021bia c\u0103 Marea Britanie nu s-a implicat suficient \u00een sprijinul eforturilor de r\u0103zboi \u00eempotriva Iranului. Totu\u0219i, Trump este de p\u0103rere c\u0103 vizita regelui va avea un impact pozitiv asupra rela\u021biilor dintre cele dou\u0103 \u021b\u0103ri.<\/p>\n<p>\u201e\u00cel cunosc bine, \u00eel cunosc de ani de zile. Este un om curajos \u0219i un om mare. Prezen\u021ba lor va fi cu siguran\u021b\u0103 un element pozitiv\u201d, a declarat pre\u0219edintele american.<\/p>\n","protected":false},"excerpt":{"rendered":"<p>Regele Charles \u0219i primarul New York-ului, Zohran Mamdani, se vor al\u0103tura la ceremonia de depunere de coroane, conform anun\u021bului f\u0103cut de biroul de pres\u0103 al Prim\u0103riei din New York, citat de Reuters. Cu toate acestea, se precizeaz\u0103 c\u0103 nu va avea loc o \u00eent\u00e2lnire privat\u0103 \u00eentre cei doi. Acest eveniment solemn se va desf\u0103\u0219ura la [&hellip;]<\/p>\n","protected":false},"author":2,"featured_media":15738,"comment_status":"open","ping_status":"open","sticky":false,"template":"","format":"standard","meta":{"jnews-multi-image_gallery":[],"jnews_single_post":[],"jnews_primary_category":[],"jnews_override_counter":[],"footnotes":""},"categories":[39],"tags":[18132,18134,18133,18135,18131,3812,10529,16686],"class_list":["post-15737","post","type-post","status-publish","format-standard","has-post-thumbnail","hentry","category-stirile-zilei","tag-ceremonie-depunere-coroane","tag-discurs-congres","tag-memorial-world-trade-center","tag-monarh-britanic","tag-primarul-new-york","tag-regele-charles","tag-vizita-oficiala","tag-zohran-mamdani"],"_links":{"self":[{"href":"https:\/\/www.newsrecorder.ro\/app\/wp-json\/wp\/v2\/posts\/15737","targetHints":{"allow":["GET"]}}],"collection":[{"href":"https:\/\/www.newsrecorder.ro\/app\/wp-json\/wp\/v2\/posts"}],"about":[{"href":"https:\/\/www.newsrecorder.ro\/app\/wp-json\/wp\/v2\/types\/post"}],"author":[{"embeddable":true,"href":"https:\/\/www.newsrecorder.ro\/app\/wp-json\/wp\/v2\/users\/2"}],"replies":[{"embeddable":true,"href":"https:\/\/www.newsrecorder.ro\/app\/wp-json\/wp\/v2\/comments?post=15737"}],"version-history":[{"count":0,"href":"https:\/\/www.newsrecorder.ro\/app\/wp-json\/wp\/v2\/posts\/15737\/revisions"}],"wp:featuredmedia":[{"embeddable":true,"href":"https:\/\/www.newsrecorder.ro\/app\/wp-json\/wp\/v2\/media\/15738"}],"wp:attachment":[{"href":"https:\/\/www.newsrecorder.ro\/app\/wp-json\/wp\/v2\/media?parent=15737"}],"wp:term":[{"taxonomy":"category","embeddable":true,"href":"https:\/\/www.newsrecorder.ro\/app\/wp-json\/wp\/v2\/categories?post=15737"},{"taxonomy":"post_tag","embeddable":true,"href":"https:\/\/www.newsrecorder.ro\/app\/wp-json\/wp\/v2\/tags?post=15737"}],"curies":[{"name":"wp","href":"https:\/\/api.w.org\/{rel}","templated":true}]}}