{"id":15743,"date":"2026-04-24T21:18:35","date_gmt":"2026-04-24T21:18:35","guid":{"rendered":"https:\/\/www.newsrecorder.ro\/app\/2026\/04\/24\/sanatatea-mintala-a-tinerilor-o-criza-in-crestere-in-societate\/"},"modified":"2026-04-24T21:18:35","modified_gmt":"2026-04-24T21:18:35","slug":"sanatatea-mintala-a-tinerilor-o-criza-in-crestere-in-societate","status":"publish","type":"post","link":"https:\/\/www.newsrecorder.ro\/app\/2026\/04\/24\/sanatatea-mintala-a-tinerilor-o-criza-in-crestere-in-societate\/","title":{"rendered":"S\u0103n\u0103tatea mintal\u0103 a tinerilor: o criz\u0103 \u00een cre\u0219tere \u00een societate!"},"content":{"rendered":"<p>Speciali\u0219tii atrag aten\u021bia asupra unei probleme alarmante: depresia \u0219i anxietatea \u00een r\u00e2ndul tinerilor sunt \u00een continu\u0103 cre\u0219tere, afect\u00e2nd unul din \u0219apte adolescen\u021bi, conform informa\u021biilor furnizate de dpa.<\/p>\n<p>\u00cencep\u00e2nd cu anul 2010, statisticile arat\u0103 o cre\u0219tere semnificativ\u0103 a cazurilor de anxietate \u00een r\u00e2ndul adolescen\u021bilor cu v\u00e2rste cuprinse \u00eentre 15 \u0219i 19 ani, cu aproape 70%. De asemenea, cazurile de depresie au crescut cu aproximativ 30%. Aceste tendin\u021be au implica\u021bii pe termen lung, influen\u021b\u00e2nd nu doar educa\u021bia tinerilor, ci \u0219i oportunit\u0103\u021bile de angajare \u0219i starea lor general\u0103 de bine.<\/p>\n<p>Impactul economic al acestor probleme de s\u0103n\u0103tate mintal\u0103 este considerabil. Estim\u0103rile sugereaz\u0103 c\u0103 anxietatea \u0219i depresia provoac\u0103 pierderi economice globale de peste 1.000 de miliarde de dolari anual. Cu toate acestea, cheltuielile destinate s\u0103n\u0103t\u0103\u021bii mintale r\u0103m\u00e2n extrem de reduse, reprezent\u00e2nd doar 2,1% din bugetele pentru s\u0103n\u0103tate.<\/p>\n<p>Accesul la servicii de s\u0103n\u0103tate mintal\u0103 este, de asemenea, inegal. \u00cen \u021b\u0103rile dezvoltate, aproximativ 90% din cazuri beneficiaz\u0103 de servicii ambulatorii, \u00een timp ce \u00een \u021b\u0103rile cu venituri mici, acest procent scade drastic la doar 30%. Serviciile comunitare sunt \u0219i mai rare, l\u0103s\u00e2nd milioane de tineri f\u0103r\u0103 sprijinul necesar.<\/p>\n<p>Exper\u021bii subliniaz\u0103 cu t\u0103rie c\u0103 este esen\u021bial ca guvernele s\u0103 prioritizeze finan\u021barea s\u0103n\u0103t\u0103\u021bii mintale, s\u0103 dezvolte strategii dedicate tinerilor \u0219i s\u0103 asigure un acces echitabil la \u00eengrijire. Aceasta este o m\u0103sur\u0103 crucial\u0103 pentru a combate criza de s\u0103n\u0103tate mintal\u0103 \u00een r\u00e2ndul tinerilor \u0219i pentru a promova un viitor mai s\u0103n\u0103tos \u0219i mai prosper.<\/p>\n","protected":false},"excerpt":{"rendered":"<p>Speciali\u0219tii atrag aten\u021bia asupra unei probleme alarmante: depresia \u0219i anxietatea \u00een r\u00e2ndul tinerilor sunt \u00een continu\u0103 cre\u0219tere, afect\u00e2nd unul din \u0219apte adolescen\u021bi, conform informa\u021biilor furnizate de dpa. \u00cencep\u00e2nd cu anul 2010, statisticile arat\u0103 o cre\u0219tere semnificativ\u0103 a cazurilor de anxietate \u00een r\u00e2ndul adolescen\u021bilor cu v\u00e2rste cuprinse \u00eentre 15 \u0219i 19 ani, cu aproape 70%. De [&hellip;]<\/p>\n","protected":false},"author":2,"featured_media":15744,"comment_status":"open","ping_status":"open","sticky":false,"template":"","format":"standard","meta":{"jnews-multi-image_gallery":[],"jnews_single_post":[],"jnews_primary_category":[],"jnews_override_counter":[],"footnotes":""},"categories":[39],"tags":[832,8078,387,12246,1752,660,5475,2162],"class_list":["post-15743","post","type-post","status-publish","format-standard","has-post-thumbnail","hentry","category-stirile-zilei","tag-adolescenti","tag-anxietate","tag-crestere","tag-depresie","tag-impact-economic","tag-sanatate-mintala","tag-statistici","tag-tineri"],"_links":{"self":[{"href":"https:\/\/www.newsrecorder.ro\/app\/wp-json\/wp\/v2\/posts\/15743","targetHints":{"allow":["GET"]}}],"collection":[{"href":"https:\/\/www.newsrecorder.ro\/app\/wp-json\/wp\/v2\/posts"}],"about":[{"href":"https:\/\/www.newsrecorder.ro\/app\/wp-json\/wp\/v2\/types\/post"}],"author":[{"embeddable":true,"href":"https:\/\/www.newsrecorder.ro\/app\/wp-json\/wp\/v2\/users\/2"}],"replies":[{"embeddable":true,"href":"https:\/\/www.newsrecorder.ro\/app\/wp-json\/wp\/v2\/comments?post=15743"}],"version-history":[{"count":0,"href":"https:\/\/www.newsrecorder.ro\/app\/wp-json\/wp\/v2\/posts\/15743\/revisions"}],"wp:featuredmedia":[{"embeddable":true,"href":"https:\/\/www.newsrecorder.ro\/app\/wp-json\/wp\/v2\/media\/15744"}],"wp:attachment":[{"href":"https:\/\/www.newsrecorder.ro\/app\/wp-json\/wp\/v2\/media?parent=15743"}],"wp:term":[{"taxonomy":"category","embeddable":true,"href":"https:\/\/www.newsrecorder.ro\/app\/wp-json\/wp\/v2\/categories?post=15743"},{"taxonomy":"post_tag","embeddable":true,"href":"https:\/\/www.newsrecorder.ro\/app\/wp-json\/wp\/v2\/tags?post=15743"}],"curies":[{"name":"wp","href":"https:\/\/api.w.org\/{rel}","templated":true}]}}