{"id":15767,"date":"2026-04-25T00:46:14","date_gmt":"2026-04-25T00:46:14","guid":{"rendered":"https:\/\/www.newsrecorder.ro\/app\/2026\/04\/25\/estonia-propune-ue-sa-taxeze-bunurile-rusesti-pentru-reconstructia-ucrainei\/"},"modified":"2026-04-25T00:46:14","modified_gmt":"2026-04-25T00:46:14","slug":"estonia-propune-ue-sa-taxeze-bunurile-rusesti-pentru-reconstructia-ucrainei","status":"publish","type":"post","link":"https:\/\/www.newsrecorder.ro\/app\/2026\/04\/25\/estonia-propune-ue-sa-taxeze-bunurile-rusesti-pentru-reconstructia-ucrainei\/","title":{"rendered":"Estonia propune UE s\u0103 taxeze bunurile ruse\u0219ti pentru reconstruc\u021bia Ucrainei"},"content":{"rendered":"<p>Kristen Michal a declarat pentru <a href=\"https:\/\/www.politico.eu\/article\/estonia-eu-tax-russia-goods-fund-ukraines-reconstruction\/\" target=\"_blank\" rel=\"noopener\">Politico<\/a> c\u0103 refacerea infrastructurii \u0219i a ora\u0219elor devastate din Ucraina va necesita sume ce se ridic\u0103 la sute de miliarde de euro. Aceast\u0103 declara\u021bie a fost f\u0103cut\u0103 \u00een cadrul unui summit al liderilor Uniunii Europene care a avut loc \u00een Cipru.<\/p>\n<p>\u00cen contextul conflictului, Europa a implementat sanc\u021biuni, a interzis diverse importuri din Rusia \u0219i a instituit taxe vamale pentru cereale \u0219i \u00eengr\u0103\u0219\u0103minte. Cu toate acestea, nu s-au majorat impozitele pentru bunurile care pot fi \u00eenc\u0103 importate, \u00een ciuda scopului declarat de a sprijini Ucraina, iar aceast\u0103 idee r\u0103m\u00e2ne controversat\u0103 \u00een cadrul UE.<\/p>\n<p>\u201eEste esen\u021bial s\u0103 impunem taxe pe bunurile din Rusia pentru a acoperi pagubele cauzate\u201d, a subliniat Michal. El a ad\u0103ugat c\u0103 s-a discutat \u00een diferite \u00eent\u00e2lniri despre posibilitatea de a utiliza diverse tarife pentru produsele ruse\u0219ti ca surs\u0103 de finan\u021bare pentru reconstruc\u021bia Ucrainei.<\/p>\n<p>\u00cen noiembrie trecut, \u0219apte \u021b\u0103ri, printre care Estonia, au solicitat introducerea unor tarife pentru produse ruse\u0219ti, cum ar fi o\u021belul \u0219i \u00eengr\u0103\u0219\u0103mintele. Totu\u0219i, aceast\u0103 ini\u021biativ\u0103 a stagnat \u0219i nu a fost inclus\u0103 \u00een cel de-al 20-lea pachet de sanc\u021biuni convenit recent de Uniunea European\u0103.<\/p>\n<p>Michal a men\u021bionat c\u0103 cele 210 miliarde de euro din activele \u00eenghe\u021bate ale Moscovei, aflate \u00eentr-un depozit financiar din Bruxelles, ar fi insuficiente pentru a acoperi costurile colosale necesare reconstruc\u021biei.<\/p>\n<p>R\u0103zboiul ini\u021biat de Rusia a avut un impact devastator asupra economiei Ucrainei, iar Uniunea European\u0103 a aprobat recent un \u00eemprumut de 90 de miliarde de euro pentru a sprijini Kievul \u00een aceast\u0103 perioad\u0103 dificil\u0103.<\/p>\n<p>\u201eTrebuie s\u0103-i tragem la r\u0103spundere pe cei din Moscova\u201d, a declarat Michal. \u201eDac\u0103 nu exist\u0103 consecin\u021be, acest comportament se va repeta. Avem o istorie \u00eendelungat\u0103 cu Rusia. Cunoa\u0219tem bine natura acestei \u021b\u0103ri \u0219i ne-am c\u00e2\u0219tigat independen\u021ba nu cu mult timp \u00een urm\u0103\u201d, a concluzionat el.<\/p>\n","protected":false},"excerpt":{"rendered":"<p>Kristen Michal a declarat pentru Politico c\u0103 refacerea infrastructurii \u0219i a ora\u0219elor devastate din Ucraina va necesita sume ce se ridic\u0103 la sute de miliarde de euro. Aceast\u0103 declara\u021bie a fost f\u0103cut\u0103 \u00een cadrul unui summit al liderilor Uniunii Europene care a avut loc \u00een Cipru. \u00cen contextul conflictului, Europa a implementat sanc\u021biuni, a interzis [&hellip;]<\/p>\n","protected":false},"author":2,"featured_media":15768,"comment_status":"open","ping_status":"open","sticky":false,"template":"","format":"standard","meta":{"jnews-multi-image_gallery":[],"jnews_single_post":[],"jnews_primary_category":[],"jnews_override_counter":[],"footnotes":""},"categories":[41],"tags":[460,570,681,86,4403,325,682,321],"class_list":["post-15767","post","type-post","status-publish","format-standard","has-post-thumbnail","hentry","category-externe","tag-infrastructura","tag-reconstructie","tag-rusia","tag-sanctiuni","tag-summit","tag-taxe-vamale","tag-ucraina","tag-uniunea-europeana"],"_links":{"self":[{"href":"https:\/\/www.newsrecorder.ro\/app\/wp-json\/wp\/v2\/posts\/15767","targetHints":{"allow":["GET"]}}],"collection":[{"href":"https:\/\/www.newsrecorder.ro\/app\/wp-json\/wp\/v2\/posts"}],"about":[{"href":"https:\/\/www.newsrecorder.ro\/app\/wp-json\/wp\/v2\/types\/post"}],"author":[{"embeddable":true,"href":"https:\/\/www.newsrecorder.ro\/app\/wp-json\/wp\/v2\/users\/2"}],"replies":[{"embeddable":true,"href":"https:\/\/www.newsrecorder.ro\/app\/wp-json\/wp\/v2\/comments?post=15767"}],"version-history":[{"count":0,"href":"https:\/\/www.newsrecorder.ro\/app\/wp-json\/wp\/v2\/posts\/15767\/revisions"}],"wp:featuredmedia":[{"embeddable":true,"href":"https:\/\/www.newsrecorder.ro\/app\/wp-json\/wp\/v2\/media\/15768"}],"wp:attachment":[{"href":"https:\/\/www.newsrecorder.ro\/app\/wp-json\/wp\/v2\/media?parent=15767"}],"wp:term":[{"taxonomy":"category","embeddable":true,"href":"https:\/\/www.newsrecorder.ro\/app\/wp-json\/wp\/v2\/categories?post=15767"},{"taxonomy":"post_tag","embeddable":true,"href":"https:\/\/www.newsrecorder.ro\/app\/wp-json\/wp\/v2\/tags?post=15767"}],"curies":[{"name":"wp","href":"https:\/\/api.w.org\/{rel}","templated":true}]}}