{"id":15775,"date":"2026-04-25T02:38:06","date_gmt":"2026-04-25T02:38:06","guid":{"rendered":"https:\/\/www.newsrecorder.ro\/app\/2026\/04\/25\/nazare-romania-isi-propune-sa-dezvolte-piata-de-capital\/"},"modified":"2026-04-25T02:38:06","modified_gmt":"2026-04-25T02:38:06","slug":"nazare-romania-isi-propune-sa-dezvolte-piata-de-capital","status":"publish","type":"post","link":"https:\/\/www.newsrecorder.ro\/app\/2026\/04\/25\/nazare-romania-isi-propune-sa-dezvolte-piata-de-capital\/","title":{"rendered":"Nazare: Rom\u00e2nia \u00ee\u0219i propune s\u0103 dezvolte pia\u021ba de capital!"},"content":{"rendered":"<p>Alexandru Nazare, ministrul de Finan\u021be, a subliniat importan\u021ba dezvolt\u0103rii pie\u021bei de capital, considerat\u0103 una dintre priorit\u0103\u021bile strategice ale Rom\u00e2niei pentru urm\u0103torii ani, \u00een urma \u00eent\u00e2lnirii sale cu Comisarul european pentru servicii financiare, uniunea economiilor \u0219i investi\u021biilor.<\/p>\n<p>\u201eO pia\u021b\u0103 de capital robust\u0103 se traduce printr-o cre\u0219tere a investi\u021biilor \u00een economie, dezvoltarea mai multor companii rom\u00e2ne\u0219ti \u0219i, implicit, generarea de noi locuri de munc\u0103. De asemenea, aceasta va oferi cet\u0103\u021benilor mai multe op\u021biuni pentru a-\u0219i investi economiile \u00eentr-un mod simplu \u0219i transparent\u201d, a transmis ministrul pe re\u021belele sociale.<\/p>\n<p>\u00cen cadrul discu\u021biilor, Nazare a eviden\u021biat c\u0103, \u00een ultimele luni, autorit\u0103\u021bile rom\u00e2ne au accelerat pa\u0219ii necesari moderniz\u0103rii pie\u021bei de capital \u0219i dezvolt\u0103rii unor instrumente menite s\u0103 atrag\u0103 capital. El a subliniat c\u0103 Banca de Investi\u021bii \u0219i Dezvoltare va avea un rol crucial \u00een acest proces, contribuind la crearea de fonduri de investi\u021bii care s\u0103 sprijine cre\u0219terea economic\u0103.<\/p>\n<p>Un alt subiect abordat a fost ini\u021biativa de a dezvolta un cont european de investi\u021bii, parte a unui plan extins de a crea produse de investi\u021bii mai accesibile \u0219i mai u\u0219or de utilizat pentru cet\u0103\u021beni.<\/p>\n<p>\u201eRom\u00e2nia sus\u021bine integrarea pie\u021belor financiare europene \u0219i dore\u0219te s\u0103 reduc\u0103 barierele care \u00eengreuneaz\u0103 accesul la finan\u021bare. Ne angaj\u0103m s\u0103 dezvolt\u0103m o pia\u021b\u0103 de capital mai puternic\u0103, capabil\u0103 s\u0103 sus\u021bin\u0103 dezvoltarea economic\u0103 \u0219i s\u0103 promoveze cre\u0219terea pe termen lung\u201d, a ad\u0103ugat Nazare.<\/p>\n","protected":false},"excerpt":{"rendered":"<p>Alexandru Nazare, ministrul de Finan\u021be, a subliniat importan\u021ba dezvolt\u0103rii pie\u021bei de capital, considerat\u0103 una dintre priorit\u0103\u021bile strategice ale Rom\u00e2niei pentru urm\u0103torii ani, \u00een urma \u00eent\u00e2lnirii sale cu Comisarul european pentru servicii financiare, uniunea economiilor \u0219i investi\u021biilor. \u201eO pia\u021b\u0103 de capital robust\u0103 se traduce printr-o cre\u0219tere a investi\u021biilor \u00een economie, dezvoltarea mai multor companii rom\u00e2ne\u0219ti \u0219i, [&hellip;]<\/p>\n","protected":false},"author":4,"featured_media":15776,"comment_status":"open","ping_status":"open","sticky":false,"template":"","format":"standard","meta":{"jnews-multi-image_gallery":[],"jnews_single_post":[],"jnews_primary_category":[],"jnews_override_counter":[],"footnotes":""},"categories":[40],"tags":[4672,1075,420,1326,1909,149,4382,1842],"class_list":["post-15775","post","type-post","status-publish","format-standard","has-post-thumbnail","hentry","category-econonie","tag-alexandru-nazare","tag-dezvoltare-economica","tag-investitii","tag-locuri-de-munca","tag-piata-de-capital","tag-romania","tag-servicii-financiare","tag-transparenta"],"_links":{"self":[{"href":"https:\/\/www.newsrecorder.ro\/app\/wp-json\/wp\/v2\/posts\/15775","targetHints":{"allow":["GET"]}}],"collection":[{"href":"https:\/\/www.newsrecorder.ro\/app\/wp-json\/wp\/v2\/posts"}],"about":[{"href":"https:\/\/www.newsrecorder.ro\/app\/wp-json\/wp\/v2\/types\/post"}],"author":[{"embeddable":true,"href":"https:\/\/www.newsrecorder.ro\/app\/wp-json\/wp\/v2\/users\/4"}],"replies":[{"embeddable":true,"href":"https:\/\/www.newsrecorder.ro\/app\/wp-json\/wp\/v2\/comments?post=15775"}],"version-history":[{"count":0,"href":"https:\/\/www.newsrecorder.ro\/app\/wp-json\/wp\/v2\/posts\/15775\/revisions"}],"wp:featuredmedia":[{"embeddable":true,"href":"https:\/\/www.newsrecorder.ro\/app\/wp-json\/wp\/v2\/media\/15776"}],"wp:attachment":[{"href":"https:\/\/www.newsrecorder.ro\/app\/wp-json\/wp\/v2\/media?parent=15775"}],"wp:term":[{"taxonomy":"category","embeddable":true,"href":"https:\/\/www.newsrecorder.ro\/app\/wp-json\/wp\/v2\/categories?post=15775"},{"taxonomy":"post_tag","embeddable":true,"href":"https:\/\/www.newsrecorder.ro\/app\/wp-json\/wp\/v2\/tags?post=15775"}],"curies":[{"name":"wp","href":"https:\/\/api.w.org\/{rel}","templated":true}]}}