{"id":15779,"date":"2026-04-25T02:39:11","date_gmt":"2026-04-25T02:39:11","guid":{"rendered":"https:\/\/www.newsrecorder.ro\/app\/2026\/04\/25\/ilie-bolojan-lupta-impotriva-speculatorilor-de-retele-electrice\/"},"modified":"2026-04-25T02:39:11","modified_gmt":"2026-04-25T02:39:11","slug":"ilie-bolojan-lupta-impotriva-speculatorilor-de-retele-electrice","status":"publish","type":"post","link":"https:\/\/www.newsrecorder.ro\/app\/2026\/04\/25\/ilie-bolojan-lupta-impotriva-speculatorilor-de-retele-electrice\/","title":{"rendered":"Ilie Bolojan lupt\u0103 \u00eempotriva speculatorilor de re\u021bele electrice!"},"content":{"rendered":"<p>Ilie Bolojan a reiterat, vineri, pozi\u021bia sa ferm\u0103 \u00eempotriva speculatorilor care au ob\u021binut avize tehnice de racordare (ATR) \u00een cantit\u0103\u021bi ce dep\u0103\u0219esc capacitatea re\u021belelor electrice. Aceast\u0103 situa\u021bie a dus la blocarea proiectelor serioase ale investitorilor, care nu mai pot fi implementate.<\/p>\n<p>\u201eAm declan\u0219at un r\u0103zboi \u00eempotriva unei practici care a restric\u021bionat accesul la sistemele noastre energetice. \u00cen fiecare zi, avem nevoie de o produc\u021bie de aproximativ 9.000 MW. O capacitate suplimentar\u0103 de 1.000 \u2013 2.000 MW ar ajuta la reducerea pre\u021burilor. Cu toate acestea, am eliberat documente de racordare pentru 80.000 MW, mult peste ceea ce putem gestiona, iar alte 30.000 MW sunt \u00een proces de aprobat,\u201d a declarat <a href=\"https:\/\/www.mediafax.ro\/politic\/ministrii-psd-au-fost-bruiati-din-afara-guvernului-spune-premierul-bolojan-23725888\">Ilie Bolojan<\/a> la Europa FM.<\/p>\n<p>\u00cen urma unei \u00eent\u00e2lniri cu pre\u0219edintele ANRE, Bolojan a anun\u021bat c\u0103, \u00eencep\u00e2nd de luni, vor fi supuse transparen\u021bei decizionale dou\u0103 proiecte de reglementare a racord\u0103rii. Aceste reglement\u0103ri vor introduce garan\u021bii, termene stricte \u0219i condi\u021bii clare pentru dezinvestire, asigur\u00e2ndu-se c\u0103 doar proiectele serioase r\u0103m\u00e2n \u00een sistem. Proiectele care sunt doar pe h\u00e2rtie, menite s\u0103 blocheze accesul, vor fi anulate,\u201d a explicat premierul, care va ocupa \u0219i func\u021bia de ministru interimar al Energiei.<\/p>\n<p>Bolojan a subliniat c\u0103, pe l\u00e2ng\u0103 aceste reglement\u0103ri, Guvernul va lucra la o legisla\u021bie primar\u0103 care s\u0103 implementeze schimb\u0103rile necesare \u00een cazul \u00een care reglement\u0103rile nu vor aduce solu\u021bii clare.<\/p>\n<p>Este important de men\u021bionat c\u0103, conform Legii energiei electrice \u0219i gazelor naturale nr. 123\/2012, art. 25 alin. (13), \u201eetapele \u0219i procedurile pentru racordarea utilizatorilor la re\u021belele de transport \u0219i distribu\u021bie sunt stabilite prin regulamentul aprobat de ANRE.\u201d<\/p>\n<p>Aproape o sut\u0103 de persoane, inclusiv reprezentan\u021bi ai autorit\u0103\u021bii de reglementare, ai Cancelariei premierului, ministerului, institu\u021biilor \u0219i companiilor de stat, precum \u0219i operatori priva\u021bi interesa\u021bi, au participat la dezbaterea organizat\u0103 de ANRE, \u00een contextul procedurii de modificare a regulamentelor demarat\u0103 pe 6 martie. Ilie Bolojan a trimis o serie de <a href=\"https:\/\/www.mediafax.ro\/economic\/ilie-bolojan-avem-retele-blocate-de-proiecte-speculative-care-sunt-propunerile-guvernului-pentru-intarirea-disciplinei-in-racordare-dezbaterea-anre-pentru-schimbarea-regulamentulu-23720706\">propuneri de modificare<\/a> a regulamentelor.<\/p>\n<p>Potrivit informa\u021biilor Mediafax, \u00een ziua dezbaterii, mini\u0219trii PSD din Cabinetul Bolojan nu \u00ee\u0219i depuseser\u0103 \u00eenc\u0103 demisiile. Propunerile discutate, care au fost centralizate, vor determina dac\u0103 este necesar\u0103 o nou\u0103 perioad\u0103 de dezbatere public\u0103 pentru finalizarea noului regulament.<\/p>\n<p>Ilie Bolojan a detaliat schimb\u0103rile dorite \u00eentr-un mesaj postat pe Facebook dup\u0103 emisiunea radio \u0219i comunicatul ANRE. \u201ePentru a reduce pre\u021bul energiei, avem nevoie de o capacitate mai mare de stocare \u0219i de cre\u0219terea produc\u021biei. Aceasta trebuie realizat\u0103 at\u00e2t prin finalizarea investi\u021biilor \u00een curs, c\u00e2t \u0219i prin facilitarea accesului pe pia\u021b\u0103 pentru noi produc\u0103tori de energie solar\u0103 \u0219i eolian\u0103,\u201d a afirmat el.<\/p>\n<p>\u201eDin p\u0103cate, \u00een ultimii ani, accesul la re\u021bele a fost restric\u021bionat prin emiterea excesiv\u0103 de autoriza\u021bii tehnice de racordare (ATR), ce dep\u0103\u0219esc nevoile economiei noastre. S-au emis ATR-uri pentru peste 80.000 MW, \u00een compara\u021bie cu cei 9.000 MW necesari, la care se adaug\u0103 30.000 MW \u00een procesare,\u201d a continuat premierul.<\/p>\n<p>\u201eF\u0103r\u0103 deblocarea accesului la re\u021bele, discu\u021biile despre reducerea pre\u021burilor la energie devin inutile. Vom corecta aceast\u0103 situa\u021bie. Am avut o \u00eent\u00e2lnire cu George Niculescu, pre\u0219edintele ANRE, \u0219i am convenit asupra m\u0103surilor ce vor fi implementate \u00een perioada urm\u0103toare,\u201d a ad\u0103ugat Bolojan.<\/p>\n<p>\u00cencep\u00e2nd de luni, vor fi supuse dezbaterii publice dou\u0103 regulamente, unul privind racordarea \u0219i altul privind ob\u021binerea autoriza\u021biei de \u00eenfiin\u021bare. Aceste reglement\u0103ri vor introduce noi garan\u021bii pentru ob\u021binerea ATR-urilor, inclusiv o garan\u021bie de 30 euro\/kW instalat \u0219i termene clare pentru realizarea proiectelor. Proiectele cu finan\u021bare \u0219i care respect\u0103 termenele vor beneficia de acces mai u\u0219or la re\u021bele, \u00een timp ce cele speculative \u00ee\u0219i vor pierde autoriza\u021biile,\u201d a concluzionat premierul.<\/p>\n<p>George Niculescu, pre\u0219edintele ANRE, a anun\u021bat c\u0103 se va schimba filosofia racord\u0103rii \u0219i licen\u021bierii, cu o cre\u0219tere a garan\u021biei pentru racordare de la 5% la 20% din valoarea tarifului de racordare. De asemenea, autoriza\u021biile de \u00eenfiin\u021bare nu vor mai putea fi ob\u021binute sau prelungite f\u0103r\u0103 garan\u021bii financiare.<\/p>\n<p>\u201eAceast\u0103 reform\u0103 are ca scop asigurarea c\u0103 avem MW reali, racorda\u021bi \u00een re\u021bea, nu doar MW pe h\u00e2rtie. Ne asigur\u0103m c\u0103 stop\u0103m schemele de \u00eembog\u0103\u021bire rapid\u0103 de pe platforme online. Tranzi\u021bia energetic\u0103 nu se face cu proiecte v\u00e2ndute pe OLX,\u201d a declarat Niculescu.<\/p>\n<p>\u201eAm analizat cu aten\u021bie propunerile Guvernului \u0219i am propus modific\u0103ri ce includ noi filtre financiare \u0219i cre\u0219terea garan\u021biilor pentru racordare. Garan\u021biile de 20 de euro per kW instalat sunt inspirate din cele necesare pentru licita\u021biile Ministerului Energiei,\u201d a ad\u0103ugat el. Aceste modific\u0103ri reprezint\u0103 cea mai ampl\u0103 reform\u0103 a mecanismelor de racordare \u0219i licen\u021biere implementat\u0103 de ANRE p\u00e2n\u0103 acum.<\/p>\n<p>Printre cele mai importante modific\u0103ri propuse de noul Regulament de Racordare se num\u0103r\u0103:<\/p>\n<ul>\n<li>Instituirea unei garan\u021bii de 20 de euro per kilowatt instalat pentru participarea la licita\u021biile de alocare a capacit\u0103\u021bilor de racordare pentru noi proiecte de energie.<\/li>\n<li>Cre\u0219terea garan\u021biei de 20% din valoarea tarifului de racordare, necesar\u0103 dup\u0103 depunerea cererii de racordare.<\/li>\n<\/ul>\n<p>De asemenea, ANRE va modifica Regulamentul de acordare al licen\u021belor \u0219i autoriza\u021biilor, prin:<\/p>\n<ul>\n<li>Instituirea unei garan\u021bii de 30 de euro per kilowatt instalat pentru ob\u021binerea Autoriza\u021biei de \u00cenfiin\u021bare, care va fi necesar\u0103 \u0219i pentru prelungirea autoriza\u021biilor deja emise.<\/li>\n<\/ul>\n<p>Aceste modific\u0103ri vizeaz\u0103 dou\u0103 obiective principale:<\/p>\n<ol>\n<li>Reducerea stocului de ATR-uri existente prin obligarea beneficiarilor care nu finalizeaz\u0103 investi\u021biile la constituirea garan\u021biei de 30 de euro per kilowatt.<\/li>\n<li>Descurajarea ferm\u0103 a caracterului speculativ al proiectelor prin impunerea unor filtre financiare stricte pentru racordare \u0219i autorizare.<\/li>\n<\/ol>\n","protected":false},"excerpt":{"rendered":"<p>Ilie Bolojan a reiterat, vineri, pozi\u021bia sa ferm\u0103 \u00eempotriva speculatorilor care au ob\u021binut avize tehnice de racordare (ATR) \u00een cantit\u0103\u021bi ce dep\u0103\u0219esc capacitatea re\u021belelor electrice. Aceast\u0103 situa\u021bie a dus la blocarea proiectelor serioase ale investitorilor, care nu mai pot fi implementate. \u201eAm declan\u0219at un r\u0103zboi \u00eempotriva unei practici care a restric\u021bionat accesul la sistemele noastre [&hellip;]<\/p>\n","protected":false},"author":4,"featured_media":15780,"comment_status":"open","ping_status":"open","sticky":false,"template":"","format":"standard","meta":{"jnews-multi-image_gallery":[],"jnews_single_post":[],"jnews_primary_category":[],"jnews_override_counter":[],"footnotes":""},"categories":[40],"tags":[18179,2659,302,18180,18181,13439,18178,6232],"class_list":["post-15779","post","type-post","status-publish","format-standard","has-post-thumbnail","hentry","category-econonie","tag-avize-tehnice","tag-capacitate-energetica","tag-ilie-bolojan","tag-proiecte-investitori","tag-reglementari-racordare","tag-retele-electrice","tag-speculatori","tag-transparenta-decizionala"],"_links":{"self":[{"href":"https:\/\/www.newsrecorder.ro\/app\/wp-json\/wp\/v2\/posts\/15779","targetHints":{"allow":["GET"]}}],"collection":[{"href":"https:\/\/www.newsrecorder.ro\/app\/wp-json\/wp\/v2\/posts"}],"about":[{"href":"https:\/\/www.newsrecorder.ro\/app\/wp-json\/wp\/v2\/types\/post"}],"author":[{"embeddable":true,"href":"https:\/\/www.newsrecorder.ro\/app\/wp-json\/wp\/v2\/users\/4"}],"replies":[{"embeddable":true,"href":"https:\/\/www.newsrecorder.ro\/app\/wp-json\/wp\/v2\/comments?post=15779"}],"version-history":[{"count":0,"href":"https:\/\/www.newsrecorder.ro\/app\/wp-json\/wp\/v2\/posts\/15779\/revisions"}],"wp:featuredmedia":[{"embeddable":true,"href":"https:\/\/www.newsrecorder.ro\/app\/wp-json\/wp\/v2\/media\/15780"}],"wp:attachment":[{"href":"https:\/\/www.newsrecorder.ro\/app\/wp-json\/wp\/v2\/media?parent=15779"}],"wp:term":[{"taxonomy":"category","embeddable":true,"href":"https:\/\/www.newsrecorder.ro\/app\/wp-json\/wp\/v2\/categories?post=15779"},{"taxonomy":"post_tag","embeddable":true,"href":"https:\/\/www.newsrecorder.ro\/app\/wp-json\/wp\/v2\/tags?post=15779"}],"curies":[{"name":"wp","href":"https:\/\/api.w.org\/{rel}","templated":true}]}}