{"id":15793,"date":"2026-04-25T09:31:41","date_gmt":"2026-04-25T09:31:41","guid":{"rendered":"https:\/\/www.newsrecorder.ro\/app\/2026\/04\/25\/digi-blocheaza-din-nou-spaniolii-scandalul-legat-de-telefonica\/"},"modified":"2026-04-25T09:31:41","modified_gmt":"2026-04-25T09:31:41","slug":"digi-blocheaza-din-nou-spaniolii-scandalul-legat-de-telefonica","status":"publish","type":"post","link":"https:\/\/www.newsrecorder.ro\/app\/2026\/04\/25\/digi-blocheaza-din-nou-spaniolii-scandalul-legat-de-telefonica\/","title":{"rendered":"Digi blocheaz\u0103 din nou spaniolii: scandalul legat de Telef\u00f3nica!"},"content":{"rendered":"<p>Vineri, \u00een jurul pr\u00e2nzului, clien\u021bii operatorului de telecomunica\u021bii Digi Communications din Spania au \u00eent\u00e2mpinat o \u00eentrerupere semnificativ\u0103 a serviciului de apeluri vocale. Aceast\u0103 problem\u0103 a fost una na\u021bional\u0103, afect\u00e2nd at\u00e2t apelurile primite, c\u00e2t \u0219i pe cele efectuate, conform informa\u021biilor din industrie \u0219i sesiz\u0103rilor utilizatorilor, a\u0219a cum a raportat <a href=\"https:\/\/cincodias.elpais.com\/companias\/2026-04-24\/la-red-de-digi-sufre-otra-caida-a-nivel-nacional.html?ssm=WH_CM&amp;utm_source=wh&amp;utm_medium=social\" target=\"_blank\" rel=\"noopener\">El Pais<\/a>.<\/p>\n<p>Platforma de monitorizare \u00een timp real, Downdetector, a eviden\u021biat o cre\u0219tere abrupt\u0103 a raport\u0103rilor \u00eencep\u00e2nd cu ora 12:00. \u00cen prima or\u0103, num\u0103rul sesiz\u0103rilor a crescut rapid, ini\u021bial \u00een ora\u0219e mari precum Madrid, Barcelona \u0219i Valencia, extinz\u00e2ndu-se ulterior la nivel na\u021bional.<\/p>\n<p><strong>Aceast\u0103 avarie nu a afectat doar utilizatorii Digi. Problema a fost resim\u021bit\u0103 \u0219i de clien\u021bii re\u021belelor Movistar \u0219i O2, ambele sub umbrela Telef\u00f3nica.<\/strong> Aceast\u0103 situa\u021bie se datoreaz\u0103 <strong>colabor\u0103rii dintre Digi \u0219i Telef\u00f3nica, prin care operatorul rom\u00e2n utilizeaz\u0103 infrastructura re\u021belei Movistar pentru serviciile sale mobile \u00een Spania.<\/strong><\/p>\n<p>Conform surselor din cadrul Telef\u00f3nica, cauza problemei ar fi fost lucr\u0103ri de mentenan\u021b\u0103. \u00cen cazul clien\u021bilor <strong>Movistar \u0219i O2, \u00eentreruperea a fost de scurt\u0103 durat\u0103, sub o or\u0103, iar serviciul de voce a fost restabilit complet \u00een jurul orei 13:00.<\/strong><\/p>\n<p>Utilizatorii Digi au raportat simptome clare, precum apelurile primite care nu declan\u0219au tonul de apel pe telefoanele destinatarilor. <strong>De\u0219i nu au primit notific\u0103ri \u00een timp real, apelurile ap\u0103reau ulterior ca fiind pierdute.<\/strong> De asemenea, la apelurile efectuate, mul\u021bi utilizatori au \u00eent\u00e2mpinat dificult\u0103\u021bi \u00een stabilirea conexiunii sau au descris situa\u021bii \u00een care linia se \u00eentrerupea \u00eenainte de a audia tonul.<\/p>\n<p>Pe de alt\u0103 parte, serviciile de date mobile \u0219i internet prin fibr\u0103 optic\u0103 Digi au func\u021bionat f\u0103r\u0103 probleme pe \u00eentreaga durat\u0103 a incidentului.<\/p>\n<p>P\u00e2n\u0103 \u00een prezent, compania nu a furnizat o explica\u021bie oficial\u0103 detaliat\u0103 privind motivul exact al avariei, nici un termen clar pentru remedierea complet\u0103 a situa\u021biei. \u00cen plus, liniile de rela\u021bii cu clien\u021bii au fost supraaglomerate \u00een majoritatea regiunilor.<\/p>\n<p>Cu toate acestea, <strong>dup\u0103 ora 13:30, un num\u0103r tot mai mare de utilizatori au \u00eenceput s\u0103 raporteze c\u0103 serviciul de apeluri \u00ee\u0219i revenea.<\/strong> Raport\u0103rile de probleme au \u00eenceput s\u0103 scad\u0103 \u0219i pe Downdetector, ceea ce sugereaz\u0103 o revenire treptat\u0103 a re\u021belei la normal.<\/p>\n<p><a href=\"https:\/\/www.mediafax.ro\/stirile-zilei\/apeluri-cazute-la-digi-in-spania-ce-a-provocat-haosul-pentru-mii-de-utilizatori-23718306\" target=\"_blank\" rel=\"noopener\">Acesta nu este primul incident de acest tip.<\/a> Pe 8 aprilie, Digi a suferit o \u00eentrerupere similar\u0103 la nivel na\u021bional, care a blocat apelurile timp de c\u00e2teva ore. Problema a fost rezolvat\u0103 \u00een aceea\u0219i zi, gra\u021bie interven\u021biei echipelor tehnice.<\/p>\n","protected":false},"excerpt":{"rendered":"<p>Vineri, \u00een jurul pr\u00e2nzului, clien\u021bii operatorului de telecomunica\u021bii Digi Communications din Spania au \u00eent\u00e2mpinat o \u00eentrerupere semnificativ\u0103 a serviciului de apeluri vocale. Aceast\u0103 problem\u0103 a fost una na\u021bional\u0103, afect\u00e2nd at\u00e2t apelurile primite, c\u00e2t \u0219i pe cele efectuate, conform informa\u021biilor din industrie \u0219i sesiz\u0103rilor utilizatorilor, a\u0219a cum a raportat El Pais. Platforma de monitorizare \u00een timp [&hellip;]<\/p>\n","protected":false},"author":2,"featured_media":15794,"comment_status":"open","ping_status":"open","sticky":false,"template":"","format":"standard","meta":{"jnews-multi-image_gallery":[],"jnews_single_post":[],"jnews_primary_category":[],"jnews_override_counter":[],"footnotes":""},"categories":[39],"tags":[18196,18194,15895,18195,703,18197,18198,4431],"class_list":["post-15793","post","type-post","status-publish","format-standard","has-post-thumbnail","hentry","category-stirile-zilei","tag-apeluri-vocale","tag-digi-communications","tag-downdetector","tag-intrerupere-serviciu","tag-spania","tag-telefonie-mobila","tag-telekom","tag-utilizatori"],"_links":{"self":[{"href":"https:\/\/www.newsrecorder.ro\/app\/wp-json\/wp\/v2\/posts\/15793","targetHints":{"allow":["GET"]}}],"collection":[{"href":"https:\/\/www.newsrecorder.ro\/app\/wp-json\/wp\/v2\/posts"}],"about":[{"href":"https:\/\/www.newsrecorder.ro\/app\/wp-json\/wp\/v2\/types\/post"}],"author":[{"embeddable":true,"href":"https:\/\/www.newsrecorder.ro\/app\/wp-json\/wp\/v2\/users\/2"}],"replies":[{"embeddable":true,"href":"https:\/\/www.newsrecorder.ro\/app\/wp-json\/wp\/v2\/comments?post=15793"}],"version-history":[{"count":0,"href":"https:\/\/www.newsrecorder.ro\/app\/wp-json\/wp\/v2\/posts\/15793\/revisions"}],"wp:featuredmedia":[{"embeddable":true,"href":"https:\/\/www.newsrecorder.ro\/app\/wp-json\/wp\/v2\/media\/15794"}],"wp:attachment":[{"href":"https:\/\/www.newsrecorder.ro\/app\/wp-json\/wp\/v2\/media?parent=15793"}],"wp:term":[{"taxonomy":"category","embeddable":true,"href":"https:\/\/www.newsrecorder.ro\/app\/wp-json\/wp\/v2\/categories?post=15793"},{"taxonomy":"post_tag","embeddable":true,"href":"https:\/\/www.newsrecorder.ro\/app\/wp-json\/wp\/v2\/tags?post=15793"}],"curies":[{"name":"wp","href":"https:\/\/api.w.org\/{rel}","templated":true}]}}